{"id":72144,"date":"2025-10-04T00:09:23","date_gmt":"2025-10-04T06:09:23","guid":{"rendered":"https:\/\/politicosaldesnudo.com.mx\/?p=72144"},"modified":"2025-10-03T20:51:30","modified_gmt":"2025-10-04T02:51:30","slug":"bmv-y-peso-caen-tras-semana-volatil-marcada-por-cierre-de-gobierno-en-eu","status":"publish","type":"post","link":"https:\/\/politicosaldesnudo.com.mx\/index.php\/2025\/10\/04\/bmv-y-peso-caen-tras-semana-volatil-marcada-por-cierre-de-gobierno-en-eu\/","title":{"rendered":"BMV y peso caen tras semana vol\u00e1til marcada por cierre de gobierno en EU"},"content":{"rendered":"<p class=\"nota-justify\">El peso avanz\u00f3 el viernes frente al d\u00f3lar, que se debilit\u00f3 a nivel global, sin embargo, la moneda mexicana culmin\u00f3 la semana con p\u00e9rdidas, debido a la incertidumbre de los inversionistas sobre el impacto del cierre del gobierno estadunidense.<\/p>\n<p class=\"nota-justify\">En operaciones al mayoreo el tipo de cambio cerr\u00f3 en 18.39 pesos por d\u00f3lar, tres centavos a favor de la moneda mexicana respecto al d\u00eda anterior, de acuerdo con el precio de final de sesi\u00f3n del Banco de M\u00e9xico. No obstante, acumul\u00f3 en la semana un retroceso tambi\u00e9n de tres centavos (0.18 por ciento) ante la divisa estadounidense.<\/p>\n<p class=\"nota-justify\">A nivel local destac\u00f3 la publicaci\u00f3n de un reporte mejor a lo previsto de la inversi\u00f3n fija bruta, en tanto, la agencia Fitch elev\u00f3 en la v\u00edspera la calificaci\u00f3n de riesgo crediticio de Petr\u00f3leos Mexicanos (Pemex).<\/p>\n<p class=\"nota-justify\">Por su parte, el d\u00f3lar se debilit\u00f3 el viernes y cerr\u00f3 otra semana m\u00e1s de p\u00e9rdidas, en medio de la incertidumbre en torno al cierre parcial del gobierno estadounidense.<\/p>\n<p class=\"nota-justify\">El cese de actividades del gobierno federal de Estados Unidos desde el primer minuto del mi\u00e9rcoles cancel\u00f3 la publicaci\u00f3n de datos econ\u00f3micos considerados clave, entre ellos, el informe del empleo de septiembre que deb\u00eda haber sido divulgado la ma\u00f1ana del viernes.<\/p>\n<p class=\"nota-justify\">Las cifras del mercado laboral estadounidense son una importante referencia para las decisiones de la Reserva Federal (Fed), que tiene programado su pr\u00f3ximo encuentro el 28-29 de octubre.<\/p>\n<p class=\"nota-justify\">Ante su ausencia, los inversores dirigieron su atenci\u00f3n a otros reportes, como la encuesta del Instituto de Gerencia y Abastecimiento (ISM), que mostr\u00f3 que la actividad del sector servicios se estanc\u00f3 en septiembre.<\/p>\n<p class=\"nota-justify\">Analistas y operadores coincidieron en que el d\u00e9bil desempe\u00f1o apoya la expectativa de que el banco central estadounidense volver\u00eda a reducir los tipos de inter\u00e9s, despu\u00e9s del recorte de un cuarto de punto del mes pasado.<\/p>\n<p class=\"nota-justify\"><strong>Bolsa termina con p\u00e9rdidas, despu\u00e9s de anotar r\u00e9cord a mediados de la semana<\/strong><\/p>\n<p class=\"nota-justify\">El \u00edndice referencial de la Bolsa Mexicana de Valores (BMV) cedi\u00f3 0.38 por ciento a 61 mil 984.43 puntos, con un declive semanal 0.52 por ciento, despu\u00e9s de haber anotado el mi\u00e9rcoles un m\u00e1ximo hist\u00f3rico de 63 mil 182.59 unidades.<\/p>\n<p class=\"nota-justify\">En Wall Street los \u00edndices Dow Jones y Standard and Poor\u2019s (S&amp;P) 500 subieron a m\u00e1ximos hist\u00f3ricos, de 46 mil 761.72 y 6 mil 715.82 puntos, respectivamente, ya que las expectativas de recorte de las tasas de inter\u00e9s por parte de la Fed se fortalecieron, dejando de lado la incertidumbre por la paralizaci\u00f3n del gobierno estadunidense, que se prolong\u00f3 por tercer d\u00eda. En cambio, el Nasdaq baj\u00f3 0.28 por ciento a 22 mil 780.86 unidades.<\/p>\n","protected":false},"excerpt":{"rendered":"<p>El peso avanz\u00f3 el viernes frente al d\u00f3lar, que se debilit\u00f3 a nivel global, sin embargo, la moneda mexicana culmin\u00f3<\/p>\n","protected":false},"author":4,"featured_media":72145,"comment_status":"closed","ping_status":"closed","sticky":false,"template":"","format":"standard","meta":{"colormag_page_container_layout":"default_layout","colormag_page_sidebar_layout":"default_layout","_jetpack_memberships_contains_paid_content":false,"footnotes":"","jetpack_publicize_message":"","jetpack_publicize_feature_enabled":true,"jetpack_social_post_already_shared":true,"jetpack_social_options":{"image_generator_settings":{"template":"highway","default_image_id":0,"font":"","enabled":false},"version":2}},"categories":[2050],"tags":[],"class_list":["post-72144","post","type-post","status-publish","format-standard","has-post-thumbnail","hentry","category-economia"],"jetpack_publicize_connections":[],"jetpack_featured_media_url":"https:\/\/i0.wp.com\/politicosaldesnudo.com.mx\/wp-content\/uploads\/2025\/10\/BMV.jpg?fit=767%2C511&ssl=1","jetpack-related-posts":[],"jetpack_sharing_enabled":true,"_links":{"self":[{"href":"https:\/\/politicosaldesnudo.com.mx\/index.php\/wp-json\/wp\/v2\/posts\/72144","targetHints":{"allow":["GET"]}}],"collection":[{"href":"https:\/\/politicosaldesnudo.com.mx\/index.php\/wp-json\/wp\/v2\/posts"}],"about":[{"href":"https:\/\/politicosaldesnudo.com.mx\/index.php\/wp-json\/wp\/v2\/types\/post"}],"author":[{"embeddable":true,"href":"https:\/\/politicosaldesnudo.com.mx\/index.php\/wp-json\/wp\/v2\/users\/4"}],"replies":[{"embeddable":true,"href":"https:\/\/politicosaldesnudo.com.mx\/index.php\/wp-json\/wp\/v2\/comments?post=72144"}],"version-history":[{"count":0,"href":"https:\/\/politicosaldesnudo.com.mx\/index.php\/wp-json\/wp\/v2\/posts\/72144\/revisions"}],"wp:featuredmedia":[{"embeddable":true,"href":"https:\/\/politicosaldesnudo.com.mx\/index.php\/wp-json\/wp\/v2\/media\/72145"}],"wp:attachment":[{"href":"https:\/\/politicosaldesnudo.com.mx\/index.php\/wp-json\/wp\/v2\/media?parent=72144"}],"wp:term":[{"taxonomy":"category","embeddable":true,"href":"https:\/\/politicosaldesnudo.com.mx\/index.php\/wp-json\/wp\/v2\/categories?post=72144"},{"taxonomy":"post_tag","embeddable":true,"href":"https:\/\/politicosaldesnudo.com.mx\/index.php\/wp-json\/wp\/v2\/tags?post=72144"}],"curies":[{"name":"wp","href":"https:\/\/api.w.org\/{rel}","templated":true}]}}