{"id":72147,"date":"2025-10-04T00:10:27","date_gmt":"2025-10-04T06:10:27","guid":{"rendered":"https:\/\/politicosaldesnudo.com.mx\/?p=72147"},"modified":"2025-10-03T20:53:37","modified_gmt":"2025-10-04T02:53:37","slug":"grupo-mexico-lanza-oferta-para-adquirir-totalidad-de-banamex-aun-no-recibimos-propuesta-citi","status":"publish","type":"post","link":"https:\/\/politicosaldesnudo.com.mx\/index.php\/2025\/10\/04\/grupo-mexico-lanza-oferta-para-adquirir-totalidad-de-banamex-aun-no-recibimos-propuesta-citi\/","title":{"rendered":"Grupo M\u00e9xico lanza oferta para adquirir totalidad de Banamex; a\u00fan no recibimos propuesta: Citi"},"content":{"rendered":"<div id=\"article-content-tts\" class=\"nota-contenido mb-5\">\n<div id=\"content_nitf\">\n<p class=\"nota-justify\">Grupo M\u00e9xico, propiedad del empresario Germ\u00e1n Larrea Mota-Velasco, present\u00f3 una oferta vinculante para adquirir hasta el 100 por ciento de Grupo Financiero Banamex, banco minorista del estadunidense Citi.<\/p>\n<p>No obstante, la instituci\u00f3n financiera de capital estadunidense se\u00f1al\u00f3 en un breve comunicado que a\u00fan no recibe la propuesta, pero en caso de que ocurra, la revisar\u00e1 y considerar\u00e1, entre otros factores de riesgo, la capacidad de obtener las aprobaciones regulatorias requeridas y la certeza de cerrar una transacci\u00f3n propuesta.<\/p>\n<p>A trav\u00e9s de un comunicado enviado a la Bolsa Mexicana de Valores (BMV), Grupo M\u00e9xico detall\u00f3 que la adquisici\u00f3n del 100 por ciento ser\u00eda bajo los valores de 25 por ciento del capital, un m\u00faltiplo de 0.85 por valor libro y el 75 por ciento restante, un m\u00faltiplo de 0.80 valor libro.<\/p>\n<p>El conglomerado calific\u00f3 como \u201cm\u00e1s atractivo\u201d para Citi, pues se trata de la adquisici\u00f3n total de la instituci\u00f3n bancaria y estar\u00eda administrado por un grupo mayoritariamente mexicano.<\/p>\n<p>No obstante, tambi\u00e9n ofreci\u00f3 como opci\u00f3n que el empresario Fernando Chico Pardo y su familia mantengan el anuncio de mantener su inversi\u00f3n del 25 por ciento, pero Grupo M\u00e9xico adquirir\u00eda el 75 por ciento a un m\u00faltiplo de 0.80 veces valor libro y respetar\u00eda sus derechos minoritarios.<\/p>\n<p>\u201cLa adquisici\u00f3n colocar\u00eda a Banamex bajo el control de Grupo M\u00e9xico, con el objetivo de mejorar el acceso al cr\u00e9dito para familias y empresas en M\u00e9xico\u201d, se\u00f1al\u00f3.<\/p>\n<p>Esta oferta ocurre despu\u00e9s de m\u00e1s de cuatro a\u00f1os de que Citi anunci\u00f3 la venta del negocio minorista.<\/p>\n<p>Grupo M\u00e9xico record\u00f3 que la oferta est\u00e1 sujeta a aprobaciones de las autoridades mexicanas, pero cuando se autorice la transacci\u00f3n \u201cBanamex podr\u00eda recuperar su potencial competitivo\u201d.<\/p>\n<p>El conglomerado propiedad del segundo hombre m\u00e1s acaudalado del pa\u00eds plante\u00f3 respetar la plantilla laboral y la experiencia del equipo directivo de Banamex, con lo que se asegura una transici\u00f3n fluida para los clientes.<\/p>\n<p>Adem\u00e1s, dijo, se contempla la participaci\u00f3n futura de afores y otros inversionistas mexicanos, con la opci\u00f3n para la familia Chico de mantener el 25 por ciento del capital.<\/p>\n<p>\u201cBanamex es una instituci\u00f3n financiera emblem\u00e1tica con una s\u00f3lida trayectoria y liderazgo en cr\u00e9ditos al consumo\u201d, indic\u00f3 el conglomerado.<\/p>\n<p>Destac\u00f3 que tambi\u00e9n mantendr\u00eda y acrecentar\u00eda la colecci\u00f3n de arte mexicano del banco y preservar\u00eda los edificios coloniales. \u201cLa oferta refleja la confianza de Grupo M\u00e9xico en el futuro de M\u00e9xico, expresada en inversiones a largo plazo y nuevos proyectos\u201d, se\u00f1al\u00f3.<\/p>\n<p>La firma se describi\u00f3 como la compa\u00f1\u00eda de mayor valor de capitalizaci\u00f3n en el mercado de valores,<\/p>\n<p>\u201cuna de las m\u00e1s burs\u00e1tiles\u201d, as\u00ed como la segunda con el mayor pago de impuestos y la empresa que m\u00e1s utilidades paga en el pa\u00eds.<\/p>\n<p>Adem\u00e1s, se\u00f1al\u00f3 ser una de las mineras l\u00edderes en la extracci\u00f3n de cobre, con las mayores reservas del mundo.<\/p>\n<p>En transporte, tambi\u00e9n es una de las principales, pues cuenta con la mayor cobertura y conectividad en M\u00e9xico con presencia en los estados m\u00e1s importantes de Estados Unidos, con m\u00e1s de 10 mil kil\u00f3metros de v\u00eda.<\/p>\n<\/div>\n<\/div>\n<div class=\"notas-relacionadas\"><\/div>\n<div class=\"nota-tags\"><\/div>\n","protected":false},"excerpt":{"rendered":"<p>Grupo M\u00e9xico, propiedad del empresario Germ\u00e1n Larrea Mota-Velasco, present\u00f3 una oferta vinculante para adquirir hasta el 100 por ciento de<\/p>\n","protected":false},"author":4,"featured_media":72148,"comment_status":"closed","ping_status":"closed","sticky":false,"template":"","format":"standard","meta":{"colormag_page_container_layout":"default_layout","colormag_page_sidebar_layout":"default_layout","_jetpack_memberships_contains_paid_content":false,"footnotes":"","jetpack_publicize_message":"","jetpack_publicize_feature_enabled":true,"jetpack_social_post_already_shared":true,"jetpack_social_options":{"image_generator_settings":{"template":"highway","default_image_id":0,"font":"","enabled":false},"version":2}},"categories":[2050],"tags":[],"class_list":["post-72147","post","type-post","status-publish","format-standard","has-post-thumbnail","hentry","category-economia"],"jetpack_publicize_connections":[],"jetpack_featured_media_url":"https:\/\/i0.wp.com\/politicosaldesnudo.com.mx\/wp-content\/uploads\/2025\/10\/Banamex.jpg?fit=620%2C330&ssl=1","jetpack-related-posts":[],"jetpack_sharing_enabled":true,"_links":{"self":[{"href":"https:\/\/politicosaldesnudo.com.mx\/index.php\/wp-json\/wp\/v2\/posts\/72147","targetHints":{"allow":["GET"]}}],"collection":[{"href":"https:\/\/politicosaldesnudo.com.mx\/index.php\/wp-json\/wp\/v2\/posts"}],"about":[{"href":"https:\/\/politicosaldesnudo.com.mx\/index.php\/wp-json\/wp\/v2\/types\/post"}],"author":[{"embeddable":true,"href":"https:\/\/politicosaldesnudo.com.mx\/index.php\/wp-json\/wp\/v2\/users\/4"}],"replies":[{"embeddable":true,"href":"https:\/\/politicosaldesnudo.com.mx\/index.php\/wp-json\/wp\/v2\/comments?post=72147"}],"version-history":[{"count":0,"href":"https:\/\/politicosaldesnudo.com.mx\/index.php\/wp-json\/wp\/v2\/posts\/72147\/revisions"}],"wp:featuredmedia":[{"embeddable":true,"href":"https:\/\/politicosaldesnudo.com.mx\/index.php\/wp-json\/wp\/v2\/media\/72148"}],"wp:attachment":[{"href":"https:\/\/politicosaldesnudo.com.mx\/index.php\/wp-json\/wp\/v2\/media?parent=72147"}],"wp:term":[{"taxonomy":"category","embeddable":true,"href":"https:\/\/politicosaldesnudo.com.mx\/index.php\/wp-json\/wp\/v2\/categories?post=72147"},{"taxonomy":"post_tag","embeddable":true,"href":"https:\/\/politicosaldesnudo.com.mx\/index.php\/wp-json\/wp\/v2\/tags?post=72147"}],"curies":[{"name":"wp","href":"https:\/\/api.w.org\/{rel}","templated":true}]}}