{"id":72150,"date":"2025-10-04T00:11:04","date_gmt":"2025-10-04T06:11:04","guid":{"rendered":"https:\/\/politicosaldesnudo.com.mx\/?p=72150"},"modified":"2025-10-03T20:56:17","modified_gmt":"2025-10-04T02:56:17","slug":"brasil-impulsa-estrategia-regional-de-planificacion-y-cooperacion","status":"publish","type":"post","link":"https:\/\/politicosaldesnudo.com.mx\/index.php\/2025\/10\/04\/brasil-impulsa-estrategia-regional-de-planificacion-y-cooperacion\/","title":{"rendered":"Brasil impulsa estrategia regional de planificaci\u00f3n y cooperaci\u00f3n"},"content":{"rendered":"<p class=\"nota-justify\">Brasil reafirm\u00f3 su compromiso con la planificaci\u00f3n de largo plazo en Am\u00e9rica Latina y el Caribe, buscando un desarrollo sostenible, justo y resiliente.<\/p>\n<p class=\"nota-justify\">Al clausurar la 20 Reuni\u00f3n del Consejo Regional de Planificaci\u00f3n, organizada por la Comisi\u00f3n Econ\u00f3mica para Am\u00e9rica Latina y el Caribe (CEPAL), Virg\u00ednia de \u00c2ngelis Oliveira de Paula, funcionaria del Ministerio de Planificaci\u00f3n y Presupuesto de Brasil, coment\u00f3 que la propuesta promueve pol\u00edticas p\u00fablicas s\u00f3lidas y adaptables, apoyadas en una gobernanza anticipatoria.<\/p>\n<p class=\"nota-justify\">Apunt\u00f3 que la estrategia se basa en tres pilares principales. El primero es integrar metodolog\u00edas de planificaci\u00f3n de largo plazo en las pol\u00edticas p\u00fablicas, fortaleciendo el papel de ILPES y CEPAL con observatorios de futuros y programas de capacitaci\u00f3n.<\/p>\n<p class=\"nota-justify\">El segundo es impulsar la cooperaci\u00f3n mediante la difusi\u00f3n de metodolog\u00edas innovadoras de participaci\u00f3n social y digital, junto con redes de aprendizaje e intercambio de buenas pr\u00e1cticas y el tercero es la integraci\u00f3n territorial y coordinaci\u00f3n de pol\u00edticas.<\/p>\n<p class=\"nota-justify\">Javier Medina V\u00e1squez, secretario ejecutivo adjunto de la CEPAL, se\u00f1al\u00f3 que en la 20 Reuni\u00f3n de Consejo Regional de Planificaci\u00f3n se identificaron cinco grandes temas en las instituciones y pa\u00edses: innovaci\u00f3n p\u00fablica, gobierno abierto, gobernanza, participaci\u00f3n y desarrollo territorial.<\/p>\n<p class=\"nota-justify\">Por su parte, Elkin Vel\u00e1squez, director regional para Am\u00e9rica Latina y el Caribe del Programa de las Naciones Unidas para los Asentamientos Humanos (ONU-H\u00e1bitat), coment\u00f3 que ese organismo, en colaboraci\u00f3n con el Gobierno de M\u00e9xico, ha desarrollado el Atlas Territorial Industrial para promover la inversi\u00f3n extranjera en el pa\u00eds. Este esfuerzo incluye la adaptaci\u00f3n del plan local de Ciudad Ju\u00e1rez para satisfacer las necesidades de infraestructura ante el aumento esperado en la demanda de servicios b\u00e1sicos y vivienda. Adem\u00e1s, se est\u00e1 analizando el impacto de los corredores de integraci\u00f3n de Am\u00e9rica del Sur en los territorios, incluso en etapas de planificaci\u00f3n sin obras concretas.<\/p>\n<p class=\"nota-justify\">Anot\u00f3 que en conjunto con el gobierno de Bolivia ha implementado una pol\u00edtica nacional de ciudades integradas para anticipar y gestionar el desarrollo urbano futuro, alineando la inversi\u00f3n p\u00fablica con las necesidades territoriales. Se\u00f1al\u00f3 que en Brasil, el censo reciente ha revelado din\u00e1micas demogr\u00e1ficas significativas en el oeste del pa\u00eds, impulsando la planificaci\u00f3n y el desarrollo de infraestructura y servicios b\u00e1sicos.<\/p>\n<p class=\"nota-justify\">Coment\u00f3 que ONU Habitat se compromete a apoyar a los gobiernos locales y actores territoriales en la mejora de la planificaci\u00f3n territorial, gesti\u00f3n del uso del suelo y herramientas de integraci\u00f3n de inversiones. Esto incluye abordar desaf\u00edos relacionados con la vivienda, saneamiento b\u00e1sico, acceso al agua y manejo de residuos s\u00f3lidos.<\/p>\n","protected":false},"excerpt":{"rendered":"<p>Brasil reafirm\u00f3 su compromiso con la planificaci\u00f3n de largo plazo en Am\u00e9rica Latina y el Caribe, buscando un desarrollo sostenible,<\/p>\n","protected":false},"author":4,"featured_media":72151,"comment_status":"closed","ping_status":"closed","sticky":false,"template":"","format":"standard","meta":{"colormag_page_container_layout":"default_layout","colormag_page_sidebar_layout":"default_layout","_jetpack_memberships_contains_paid_content":false,"footnotes":"","jetpack_publicize_message":"","jetpack_publicize_feature_enabled":true,"jetpack_social_post_already_shared":true,"jetpack_social_options":{"image_generator_settings":{"template":"highway","default_image_id":0,"font":"","enabled":false},"version":2}},"categories":[2050],"tags":[],"class_list":["post-72150","post","type-post","status-publish","format-standard","has-post-thumbnail","hentry","category-economia"],"jetpack_publicize_connections":[],"jetpack_featured_media_url":"https:\/\/i0.wp.com\/politicosaldesnudo.com.mx\/wp-content\/uploads\/2025\/10\/BRAS.jpg?fit=774%2C521&ssl=1","jetpack-related-posts":[],"jetpack_sharing_enabled":true,"_links":{"self":[{"href":"https:\/\/politicosaldesnudo.com.mx\/index.php\/wp-json\/wp\/v2\/posts\/72150","targetHints":{"allow":["GET"]}}],"collection":[{"href":"https:\/\/politicosaldesnudo.com.mx\/index.php\/wp-json\/wp\/v2\/posts"}],"about":[{"href":"https:\/\/politicosaldesnudo.com.mx\/index.php\/wp-json\/wp\/v2\/types\/post"}],"author":[{"embeddable":true,"href":"https:\/\/politicosaldesnudo.com.mx\/index.php\/wp-json\/wp\/v2\/users\/4"}],"replies":[{"embeddable":true,"href":"https:\/\/politicosaldesnudo.com.mx\/index.php\/wp-json\/wp\/v2\/comments?post=72150"}],"version-history":[{"count":0,"href":"https:\/\/politicosaldesnudo.com.mx\/index.php\/wp-json\/wp\/v2\/posts\/72150\/revisions"}],"wp:featuredmedia":[{"embeddable":true,"href":"https:\/\/politicosaldesnudo.com.mx\/index.php\/wp-json\/wp\/v2\/media\/72151"}],"wp:attachment":[{"href":"https:\/\/politicosaldesnudo.com.mx\/index.php\/wp-json\/wp\/v2\/media?parent=72150"}],"wp:term":[{"taxonomy":"category","embeddable":true,"href":"https:\/\/politicosaldesnudo.com.mx\/index.php\/wp-json\/wp\/v2\/categories?post=72150"},{"taxonomy":"post_tag","embeddable":true,"href":"https:\/\/politicosaldesnudo.com.mx\/index.php\/wp-json\/wp\/v2\/tags?post=72150"}],"curies":[{"name":"wp","href":"https:\/\/api.w.org\/{rel}","templated":true}]}}