{"id":72216,"date":"2025-10-06T00:07:29","date_gmt":"2025-10-06T06:07:29","guid":{"rendered":"https:\/\/politicosaldesnudo.com.mx\/?p=72216"},"modified":"2025-10-05T20:47:02","modified_gmt":"2025-10-06T02:47:02","slug":"reforma-al-amparo-protege-derechos-pero-da-fin-al-refugio-de-los-evasores-csp","status":"publish","type":"post","link":"https:\/\/politicosaldesnudo.com.mx\/index.php\/2025\/10\/06\/reforma-al-amparo-protege-derechos-pero-da-fin-al-refugio-de-los-evasores-csp\/","title":{"rendered":"Reforma al amparo protege derechos pero da fin al refugio de los evasores: CSP"},"content":{"rendered":"<p class=\"nota-justify\">En punto de las 11 de la ma\u00f1ana, la presidenta Claudia Sheinbaum Pardo sali\u00f3 de Palacio Nacional para ofrecer un mensaje con motivo del primer a\u00f1o de asumir la Presidencia, ante Z\u00f3calo de la Ciudad de M\u00e9xico que ya luce lleno.<\/p>\n<p class=\"nota-justify\">Miles de personas se han dado cita para escuchar a la mandataria federal, quien con este acto cierra su gira de rendici\u00f3n de cuentas\u00a0por\u00a0el\u00a0pa\u00eds.<\/p>\n<p><strong>\u201cNo camino sola, no gobierno sola\u201d<\/strong><\/p>\n<p class=\"nota-justify\">\u201cNo camino sola, no gobierno sola\u201d, indic\u00f3 la presidenta Claudia Sheinbaum al inicio de su mensaje con motivo de su primer a\u00f1o de gobierno ante los miles de asistentes que acudieron al Z\u00f3calo, y recalc\u00f3 que su gobierno es \u201cdel pueblo y para el pueblo\u201d.<\/p>\n<p>A su vez, reafirm\u00f3 que nunca habr\u00e1 ruptura entre ella y el ex presidente Andr\u00e9s Manuel L\u00f3pez Obrador porque ambos gobiernos siguen el lema \u201cpor el bien de todos, primero los pobres\u201d, e indic\u00f3 que \u201clos conservadores se quedar\u00e1n con las ganas\u201d de ver un distanciamiento entre ella y el ex mandatario.<\/p>\n<p><strong>\u201c13 millones de mexicanos salieron de la pobreza\u201d<\/strong><\/p>\n<p class=\"nota-justify\">La mandataria indic\u00f3 que con los gobiernos de la 4T termin\u00f3 \u201cla larga noche del neoiliberalismo\u201d, al se\u00f1alar que de 2018 a 2024 m\u00e1s de 13 millones de mexicanos salieron de la pobreza y que a trav\u00e9s de los programas sociales se garantizan los derechos de millones de ciudadanos.<\/p>\n<p class=\"nota-justify\"><strong>Cargos p\u00fablicos no se heredan; \u201cse acab\u00f3 el nepotismo\u201d<\/strong><\/p>\n<p class=\"nota-justify\">En su mensaje, la Presidenta se\u00f1al\u00f3 que con las reformas constitucionales aprobadas en los \u00faltimos meses transformar\u00e1 el Poder Judicial para garantizar el acceso pleno de la poblaci\u00f3n a ella y tambi\u00e9n que los cargos pol\u00edticos no sean heredados y declar\u00f3 que \u201cse acab\u00f3 el nepotismo\u201d.<\/p>\n<p class=\"nota-justify\">A su vez, se\u00f1al\u00f3 que \u201cla reforma a la ley de amparo que propusimos tiene el objetivo de la impartici\u00f3n m\u00e1s r\u00e1pida expedita de la justicia y evitar que el amparo se vuelva protecci\u00f3n de contribuyentes que no quieran pagar sus impuestos\u201d. \u201cLos derechos de los ciudadanos quedan completamente resguardados\u201d,\u00a0apunt\u00f3.<\/p>\n<p><strong>Tren M\u00e9xico-Nuevo Laredo se llamar\u00e1 \u201cTren del Golfo de M\u00e9xico\u201d<\/strong><\/p>\n<p class=\"nota-justify\">La presidenta Claudia Sheinbaum pregunt\u00f3 a los miles de asistentes al Z\u00f3calo si estaban de acuerdo en denominar al tren de M\u00e9xico a Nuevo Laredo como Tren del Golfo de M\u00e9xico. Luego de que una gran mayor\u00eda levantara la mano, confirm\u00f3 que as\u00ed se llamar\u00e1\u00a0dicha\u00a0vialidad.<\/p>\n<p><strong>Hemos desprivatizado 4 mil millones de metros c\u00fabicos de agua<\/strong><\/p>\n<p class=\"nota-justify\">La mandataria se\u00f1al\u00f3 que tras hacer la revisi\u00f3n de las concesiones de agua y los distritos de riego, se logro la desprivatizaci\u00f3n de 4 mil millones de metros c\u00fabicos de agua, equivalente a 14 veces el suministro de agua para la Ciudad de M\u00e9xico. A su vez, indic\u00f3 que se han realizado acciones integrales para sanear los r\u00edos del pa\u00eds y garantizar el acceso al agua para la poblaci\u00f3n.<\/p>\n<p class=\"nota-justify\"><strong>\u201cComo primera presidenta, reafirmo que llegamos todas\u201d<\/strong><\/p>\n<p class=\"nota-justify\">En su mensaje, Sheinbaum Pardo se\u00f1al\u00f3 que, durante mucho tiempo, se busc\u00f3 fuera el sustento para el sistema pol\u00edtico, y se dej\u00f3 de lado la historia de M\u00e9xico. \u201cNos enorgullece nuestra historia pol\u00edtica\u201d, indic\u00f3 la mandataria al se\u00f1alar que esta debe servir de base para la construcci\u00f3n de un modelo pol\u00edtico propio.<\/p>\n<p class=\"nota-justify\">A su vez, reconoci\u00f3 a los migrantes y su aportaci\u00f3n a la econom\u00eda mexicana.<\/p>\n<p class=\"nota-justify\"><strong>\u201cDesde el Z\u00f3calo, reafirmamos compromiso con la 4T, un movimiento que se debe al pueblo\u201d: CSP<\/strong><\/p>\n<p class=\"nota-justify\">En la parte final de su mensaje, Sheinbaum Pardo reafirm\u00f3 que \u201cmi compromiso es con el pueblo, y no les voy a fallar\u201d. \u201cMi compromiso es defender a la patria\u201d y asegur\u00f3 que pondr\u00e1 todos sus esfuerzos a cumplirlo.<\/p>\n<p class=\"nota-justify\">\u201cQue viva M\u00e9xico y su pueblo, siempre libre y soberano\u201d, afirm\u00f3 en el cierre de su mensaje con motivo de su primer a\u00f1o de gobierno.<\/p>\n","protected":false},"excerpt":{"rendered":"<p>En punto de las 11 de la ma\u00f1ana, la presidenta Claudia Sheinbaum Pardo sali\u00f3 de Palacio Nacional para ofrecer un<\/p>\n","protected":false},"author":4,"featured_media":72217,"comment_status":"closed","ping_status":"closed","sticky":false,"template":"","format":"standard","meta":{"colormag_page_container_layout":"default_layout","colormag_page_sidebar_layout":"default_layout","_jetpack_memberships_contains_paid_content":false,"footnotes":"","jetpack_publicize_message":"","jetpack_publicize_feature_enabled":true,"jetpack_social_post_already_shared":true,"jetpack_social_options":{"image_generator_settings":{"template":"highway","default_image_id":0,"font":"","enabled":false},"version":2}},"categories":[33],"tags":[],"class_list":["post-72216","post","type-post","status-publish","format-standard","has-post-thumbnail","hentry","category-nacional"],"jetpack_publicize_connections":[],"jetpack_featured_media_url":"https:\/\/i0.wp.com\/politicosaldesnudo.com.mx\/wp-content\/uploads\/2025\/10\/CIRERA.jpg?fit=770%2C515&ssl=1","jetpack-related-posts":[],"jetpack_sharing_enabled":true,"_links":{"self":[{"href":"https:\/\/politicosaldesnudo.com.mx\/index.php\/wp-json\/wp\/v2\/posts\/72216","targetHints":{"allow":["GET"]}}],"collection":[{"href":"https:\/\/politicosaldesnudo.com.mx\/index.php\/wp-json\/wp\/v2\/posts"}],"about":[{"href":"https:\/\/politicosaldesnudo.com.mx\/index.php\/wp-json\/wp\/v2\/types\/post"}],"author":[{"embeddable":true,"href":"https:\/\/politicosaldesnudo.com.mx\/index.php\/wp-json\/wp\/v2\/users\/4"}],"replies":[{"embeddable":true,"href":"https:\/\/politicosaldesnudo.com.mx\/index.php\/wp-json\/wp\/v2\/comments?post=72216"}],"version-history":[{"count":0,"href":"https:\/\/politicosaldesnudo.com.mx\/index.php\/wp-json\/wp\/v2\/posts\/72216\/revisions"}],"wp:featuredmedia":[{"embeddable":true,"href":"https:\/\/politicosaldesnudo.com.mx\/index.php\/wp-json\/wp\/v2\/media\/72217"}],"wp:attachment":[{"href":"https:\/\/politicosaldesnudo.com.mx\/index.php\/wp-json\/wp\/v2\/media?parent=72216"}],"wp:term":[{"taxonomy":"category","embeddable":true,"href":"https:\/\/politicosaldesnudo.com.mx\/index.php\/wp-json\/wp\/v2\/categories?post=72216"},{"taxonomy":"post_tag","embeddable":true,"href":"https:\/\/politicosaldesnudo.com.mx\/index.php\/wp-json\/wp\/v2\/tags?post=72216"}],"curies":[{"name":"wp","href":"https:\/\/api.w.org\/{rel}","templated":true}]}}