{"id":72222,"date":"2025-10-06T00:09:28","date_gmt":"2025-10-06T06:09:28","guid":{"rendered":"https:\/\/politicosaldesnudo.com.mx\/?p=72222"},"modified":"2025-10-05T21:03:41","modified_gmt":"2025-10-06T03:03:41","slug":"concluira-sict-obras-del-tramo-carretero-salina-cruz-zihuatanejo-en-diciembre","status":"publish","type":"post","link":"https:\/\/politicosaldesnudo.com.mx\/index.php\/2025\/10\/06\/concluira-sict-obras-del-tramo-carretero-salina-cruz-zihuatanejo-en-diciembre\/","title":{"rendered":"Concluir\u00e1 SICT obras del tramo carretero Salina Cruz-Zihuatanejo en diciembre"},"content":{"rendered":"<p class=\"nota-justify\">Los trabajos de modernizaci\u00f3n del eje carretero Salina Cruz-Zihuatanejo, en el tramo San Pedro Pochutla-Santa Mar\u00eda Huatulco \u2014que beneficiar\u00e1n a 950 mil habitantes de la regi\u00f3n\u2014 presentan un avance de m\u00e1s del 25 por ciento y estar\u00e1n listos en diciembre pr\u00f3ximo inform\u00f3 la Secretar\u00eda de Infraestructura, Comunicaciones y Transporte (SICT).<\/p>\n<p class=\"nota-justify\">A su vez, el proyecto tiene una inversi\u00f3n de mil 309 millones de pesos, con lo que se podr\u00e1 extender la carretera de 7 metros de ancho a 12 en el tramo que se encuentra del km 209+500 al km 234+843.77.<\/p>\n<div class=\"teads-adCall\"><\/div>\n<p class=\"nota-justify\">Los trabajos incluyen una rectificaci\u00f3n de curvas para brindar mayor seguridad y la modernizaci\u00f3n integral de 30 kil\u00f3metros, donde habr\u00e1 dos carriles de circulaci\u00f3n y acotamientos a cada lado.<\/p>\n<p class=\"nota-justify\">\u201cCon ello, se mejorar\u00e1n las curvas para que los usuarios lleguen con seguridad y rapidez a sus destinos\u201d, mencion\u00f3 la SICT.<\/p>\n<p class=\"nota-justify\">El proyecto incluye trabajos en terracer\u00edas y se realizan obras de drenaje, pavimentaci\u00f3n con base hidr\u00e1ulica y base asf\u00e1ltica, carpeta de concreto asf\u00e1ltico y se\u00f1alamientos.<\/p>\n<p class=\"nota-justify\">Para que el tramo quede listo en diciembre pr\u00f3ximo, se trabaja en tres frentes de obra, lo que refleja el compromiso de la SICT de acelerar procesos constructivos y cumplir los tiempos programados.<\/p>\n<p class=\"nota-justify\">\u201cCon estas acciones, la SICT refrenda su compromiso de impulsar obras estrat\u00e9gicas que fortalezcan la conectividad de la Costa de Oaxaca, generen mayor seguridad vial y contribuyan al desarrollo econ\u00f3mico y social de la regi\u00f3n\u201d, mencion\u00f3 el organismo en un comunicado.\n<\/p>\n<p class=\"nota-justify\"><strong>Reducir\u00e1n tiempos de traslado en Veracruz<\/strong><\/p>\n<p class=\"nota-justify\">Por otra parte, la SICT inform\u00f3 que la inversi\u00f3n en el Distribuidor Vial de Acceso al Puerto de Veracruz, una obra estrat\u00e9gica que fortalecer\u00e1 la conectividad y log\u00edstica en la regi\u00f3n, es de 788 millones de pesos (mdp), tiene un periodo de ejecuci\u00f3n de 18 meses y se desarrolla sobre la carretera federal 140 Xalapa-Veracruz, una de las principales arterias del municipio de Veracruz.<\/p>\n<p class=\"nota-justify\">Detall\u00f3 que una vez concluida la obra, permitir\u00e1 reducir hasta en 25 minutos los tiempos de traslado hacia el puerto, en beneficio de m\u00e1s de 700 mil habitantes de los municipios de Veracruz, Medell\u00edn, Jamapa y Boca del R\u00edo.<\/p>\n<p class=\"nota-justify\">\u201cActualmente, esta vialidad registra un Tr\u00e1nsito Diario Promedio Anual (TDPA), de 34 mil veh\u00edculos, lo que evidencia su relevancia en la planeaci\u00f3n del transporte y la movilidad regional\u201d, dijo la secretar\u00eda.<\/p>\n<p class=\"nota-justify\">Agreg\u00f3 que el proyecto forma parte de las acciones del Programa Sectorial de Infraestructura, Comunicaciones y Transportes 2025-2030, el cual contempla mejorar la conectividad y accesibilidad territorial mediante la construcci\u00f3n, modernizaci\u00f3n y conservaci\u00f3n de infraestructura carretera con inclusi\u00f3n social, sostenibilidad y eficiencia para garantizar la movilidad de personas y mercanc\u00edas.<\/p>\n","protected":false},"excerpt":{"rendered":"<p>Los trabajos de modernizaci\u00f3n del eje carretero Salina Cruz-Zihuatanejo, en el tramo San Pedro Pochutla-Santa Mar\u00eda Huatulco \u2014que beneficiar\u00e1n a<\/p>\n","protected":false},"author":4,"featured_media":72223,"comment_status":"closed","ping_status":"closed","sticky":false,"template":"","format":"standard","meta":{"colormag_page_container_layout":"default_layout","colormag_page_sidebar_layout":"default_layout","_jetpack_memberships_contains_paid_content":false,"footnotes":"","jetpack_publicize_message":"","jetpack_publicize_feature_enabled":true,"jetpack_social_post_already_shared":true,"jetpack_social_options":{"image_generator_settings":{"template":"highway","default_image_id":0,"font":"","enabled":false},"version":2}},"categories":[2050],"tags":[],"class_list":["post-72222","post","type-post","status-publish","format-standard","has-post-thumbnail","hentry","category-economia"],"jetpack_publicize_connections":[],"jetpack_featured_media_url":"https:\/\/i0.wp.com\/politicosaldesnudo.com.mx\/wp-content\/uploads\/2025\/10\/SICT.jpg?fit=771%2C512&ssl=1","jetpack-related-posts":[],"jetpack_sharing_enabled":true,"_links":{"self":[{"href":"https:\/\/politicosaldesnudo.com.mx\/index.php\/wp-json\/wp\/v2\/posts\/72222","targetHints":{"allow":["GET"]}}],"collection":[{"href":"https:\/\/politicosaldesnudo.com.mx\/index.php\/wp-json\/wp\/v2\/posts"}],"about":[{"href":"https:\/\/politicosaldesnudo.com.mx\/index.php\/wp-json\/wp\/v2\/types\/post"}],"author":[{"embeddable":true,"href":"https:\/\/politicosaldesnudo.com.mx\/index.php\/wp-json\/wp\/v2\/users\/4"}],"replies":[{"embeddable":true,"href":"https:\/\/politicosaldesnudo.com.mx\/index.php\/wp-json\/wp\/v2\/comments?post=72222"}],"version-history":[{"count":0,"href":"https:\/\/politicosaldesnudo.com.mx\/index.php\/wp-json\/wp\/v2\/posts\/72222\/revisions"}],"wp:featuredmedia":[{"embeddable":true,"href":"https:\/\/politicosaldesnudo.com.mx\/index.php\/wp-json\/wp\/v2\/media\/72223"}],"wp:attachment":[{"href":"https:\/\/politicosaldesnudo.com.mx\/index.php\/wp-json\/wp\/v2\/media?parent=72222"}],"wp:term":[{"taxonomy":"category","embeddable":true,"href":"https:\/\/politicosaldesnudo.com.mx\/index.php\/wp-json\/wp\/v2\/categories?post=72222"},{"taxonomy":"post_tag","embeddable":true,"href":"https:\/\/politicosaldesnudo.com.mx\/index.php\/wp-json\/wp\/v2\/tags?post=72222"}],"curies":[{"name":"wp","href":"https:\/\/api.w.org\/{rel}","templated":true}]}}