{"id":72228,"date":"2025-10-06T00:11:03","date_gmt":"2025-10-06T06:11:03","guid":{"rendered":"https:\/\/politicosaldesnudo.com.mx\/?p=72228"},"modified":"2025-10-05T21:07:35","modified_gmt":"2025-10-06T03:07:35","slug":"opep-aumentara-en-noviembre-produccion-petrolera-a-137-mil-barriles-diarios","status":"publish","type":"post","link":"https:\/\/politicosaldesnudo.com.mx\/index.php\/2025\/10\/06\/opep-aumentara-en-noviembre-produccion-petrolera-a-137-mil-barriles-diarios\/","title":{"rendered":"OPEP+ aumentar\u00e1 en noviembre producci\u00f3n petrolera a 137 mil barriles diarios"},"content":{"rendered":"<p class=\"nota-justify\">Un grupo de pa\u00edses que forman parte de la alianza OPEP+ de pa\u00edses exportadores de petr\u00f3leo ha acordado un peque\u00f1o aumento en la producci\u00f3n, citando una perspectiva econ\u00f3mica global estable.<\/p>\n<p class=\"nota-justify\">El grupo manifest\u00f3 despu\u00e9s de una reuni\u00f3n virtual el domingo que aumentar\u00e1 la producci\u00f3n en 137 mil barriles por d\u00eda en noviembre, la misma cantidad que anunci\u00f3 para octubre. El grupo ha estado incrementando ligeramente la producci\u00f3n durante todo el a\u00f1o, despu\u00e9s de anunciar recortes en 2023 y 2024.<\/p>\n<p class=\"nota-justify\">En un comunicado, el grupo indic\u00f3 que la medida se debe a \u00abuna perspectiva econ\u00f3mica global estable y fundamentos de mercado saludables actuales\u00bb. A\u00f1adi\u00f3 que los ajustes de producci\u00f3n pueden ser pausados o revertidos a medida que evolucionen las condiciones del mercado.<\/p>\n<p class=\"nota-justify\">Arabia Saudita tiene una influencia significativa en la OPEP+ como miembro dominante del cartel de productores de la OPEP, y Rusia es el principal miembro no perteneciente a la OPEP en la alianza de 22 pa\u00edses.<\/p>\n<p class=\"nota-justify\">Junto con Arabia Saudita y Rusia, el grupo que se reuni\u00f3 el domingo est\u00e1 compuesto por Irak, los Emiratos \u00c1rabes Unidos, Kuwait, Kazajist\u00e1n, Argelia y Om\u00e1n. Su pr\u00f3xima reuni\u00f3n est\u00e1 programada para el 2 de noviembre.<\/p>\n","protected":false},"excerpt":{"rendered":"<p>Un grupo de pa\u00edses que forman parte de la alianza OPEP+ de pa\u00edses exportadores de petr\u00f3leo ha acordado un peque\u00f1o<\/p>\n","protected":false},"author":4,"featured_media":72229,"comment_status":"closed","ping_status":"closed","sticky":false,"template":"","format":"standard","meta":{"colormag_page_container_layout":"default_layout","colormag_page_sidebar_layout":"default_layout","_jetpack_memberships_contains_paid_content":false,"footnotes":"","jetpack_publicize_message":"","jetpack_publicize_feature_enabled":true,"jetpack_social_post_already_shared":true,"jetpack_social_options":{"image_generator_settings":{"template":"highway","default_image_id":0,"font":"","enabled":false},"version":2}},"categories":[2050],"tags":[],"class_list":["post-72228","post","type-post","status-publish","format-standard","has-post-thumbnail","hentry","category-economia"],"jetpack_publicize_connections":[],"jetpack_featured_media_url":"https:\/\/i0.wp.com\/politicosaldesnudo.com.mx\/wp-content\/uploads\/2025\/10\/OPEPP.jpg?fit=765%2C484&ssl=1","jetpack-related-posts":[],"jetpack_sharing_enabled":true,"_links":{"self":[{"href":"https:\/\/politicosaldesnudo.com.mx\/index.php\/wp-json\/wp\/v2\/posts\/72228","targetHints":{"allow":["GET"]}}],"collection":[{"href":"https:\/\/politicosaldesnudo.com.mx\/index.php\/wp-json\/wp\/v2\/posts"}],"about":[{"href":"https:\/\/politicosaldesnudo.com.mx\/index.php\/wp-json\/wp\/v2\/types\/post"}],"author":[{"embeddable":true,"href":"https:\/\/politicosaldesnudo.com.mx\/index.php\/wp-json\/wp\/v2\/users\/4"}],"replies":[{"embeddable":true,"href":"https:\/\/politicosaldesnudo.com.mx\/index.php\/wp-json\/wp\/v2\/comments?post=72228"}],"version-history":[{"count":0,"href":"https:\/\/politicosaldesnudo.com.mx\/index.php\/wp-json\/wp\/v2\/posts\/72228\/revisions"}],"wp:featuredmedia":[{"embeddable":true,"href":"https:\/\/politicosaldesnudo.com.mx\/index.php\/wp-json\/wp\/v2\/media\/72229"}],"wp:attachment":[{"href":"https:\/\/politicosaldesnudo.com.mx\/index.php\/wp-json\/wp\/v2\/media?parent=72228"}],"wp:term":[{"taxonomy":"category","embeddable":true,"href":"https:\/\/politicosaldesnudo.com.mx\/index.php\/wp-json\/wp\/v2\/categories?post=72228"},{"taxonomy":"post_tag","embeddable":true,"href":"https:\/\/politicosaldesnudo.com.mx\/index.php\/wp-json\/wp\/v2\/tags?post=72228"}],"curies":[{"name":"wp","href":"https:\/\/api.w.org\/{rel}","templated":true}]}}