{"id":72285,"date":"2025-10-06T20:50:44","date_gmt":"2025-10-07T02:50:44","guid":{"rendered":"https:\/\/politicosaldesnudo.com.mx\/?p=72285"},"modified":"2025-10-06T20:50:44","modified_gmt":"2025-10-07T02:50:44","slug":"proteccion-civil-ha-emitido-una-alerta-gris-por-lluvias-a-partir-de-manana-martes-hasta-el-viernes-las-mas-intensas-se-presentaran-el-miercoles-y-jueves","status":"publish","type":"post","link":"https:\/\/politicosaldesnudo.com.mx\/index.php\/2025\/10\/06\/proteccion-civil-ha-emitido-una-alerta-gris-por-lluvias-a-partir-de-manana-martes-hasta-el-viernes-las-mas-intensas-se-presentaran-el-miercoles-y-jueves\/","title":{"rendered":"Protecci\u00f3n Civil ha emitido una \u201cAlerta Gris\u201d por lluvias a partir de ma\u00f1ana martes, hasta el viernes. Las m\u00e1s intensas se presentar\u00e1n el mi\u00e9rcoles y jueves"},"content":{"rendered":"<p>\u2022 Gobierno de Tuxpan recomienda a la poblaci\u00f3n tomar previsiones de manera anticipada.<\/p>\n<p>Tuxpan, Ver., 6 de octubre de 2025.- Protecci\u00f3n Civil del Gobierno de Veracruz ha emitido una \u201cAlerta Gris\u201d, en fase de Vigilancia, por un incremento significativo del potencial de lluvias y tormentas, el cual podr\u00eda persistir desde este martes hasta el viernes 10, con mayor impacto entre mi\u00e9rcoles y jueves.<\/p>\n<p>Por lo anterior, el presidente municipal Dr. Jes\u00fas Fomperoza Torres ha girado instrucciones a todas las direcciones y coordinaciones operativas para que est\u00e9n atentos y en alerta permanente, durante el desarrollo del temporal lluvioso.<\/p>\n<p>Protecci\u00f3n Civil Estatal recomend\u00f3 a todos los municipios de la regi\u00f3n tomar medidas de precauci\u00f3n por posibles:<\/p>\n<p>*Deslaves, deslizamientos de tierra y derrumbes.<br \/>\n*Encharcamiento e inundaciones pluviales.<br \/>\n*Crecida de r\u00edos\/arroyos de respuesta r\u00e1pida.<br \/>\n*Destechamiento de casas, ca\u00eddas de \u00e1rboles, anuncios, espectaculares, etc.<br \/>\n*Suspensi\u00f3n de servicios estrat\u00e9gicos.<br \/>\n*Oleaje elevado<\/p>\n<p>Se prev\u00e9 una semana con potencial de lluvias y tormentas aisladas, las cuales pueden variar en intensidad, as\u00ed como en zonas de ocurrencia. Acumulados estimados en 24 horas de 10 a 30 mm de manera general en el estado y m\u00e1ximos superiores a 150 mm.<\/p>\n<p>Tambi\u00e9n se pronostica viento dominante del Norte y Noreste, el cual se incrementar\u00e1 gradualmente a partir de ma\u00f1ana con velocidades de 20 a 35 km\/h y rachas de 50 a 65 km\/h entre martes 7 y viernes 10 octubre.<\/p>\n","protected":false},"excerpt":{"rendered":"<p>\u2022 Gobierno de Tuxpan recomienda a la poblaci\u00f3n tomar previsiones de manera anticipada. Tuxpan, Ver., 6 de octubre de 2025.-<\/p>\n","protected":false},"author":4,"featured_media":72286,"comment_status":"closed","ping_status":"closed","sticky":false,"template":"","format":"standard","meta":{"colormag_page_container_layout":"default_layout","colormag_page_sidebar_layout":"default_layout","_jetpack_memberships_contains_paid_content":false,"footnotes":"","jetpack_publicize_message":"","jetpack_publicize_feature_enabled":true,"jetpack_social_post_already_shared":true,"jetpack_social_options":{"image_generator_settings":{"template":"highway","default_image_id":0,"font":"","enabled":false},"version":2}},"categories":[3205,1082],"tags":[],"class_list":["post-72285","post","type-post","status-publish","format-standard","has-post-thumbnail","hentry","category-gobierno-tuxpan","category-tuxpan"],"jetpack_publicize_connections":[],"jetpack_featured_media_url":"https:\/\/i0.wp.com\/politicosaldesnudo.com.mx\/wp-content\/uploads\/2025\/10\/WhatsApp-Image-2025-10-06-at-12.29.24.jpeg?fit=910%2C710&ssl=1","jetpack-related-posts":[],"jetpack_sharing_enabled":true,"_links":{"self":[{"href":"https:\/\/politicosaldesnudo.com.mx\/index.php\/wp-json\/wp\/v2\/posts\/72285","targetHints":{"allow":["GET"]}}],"collection":[{"href":"https:\/\/politicosaldesnudo.com.mx\/index.php\/wp-json\/wp\/v2\/posts"}],"about":[{"href":"https:\/\/politicosaldesnudo.com.mx\/index.php\/wp-json\/wp\/v2\/types\/post"}],"author":[{"embeddable":true,"href":"https:\/\/politicosaldesnudo.com.mx\/index.php\/wp-json\/wp\/v2\/users\/4"}],"replies":[{"embeddable":true,"href":"https:\/\/politicosaldesnudo.com.mx\/index.php\/wp-json\/wp\/v2\/comments?post=72285"}],"version-history":[{"count":0,"href":"https:\/\/politicosaldesnudo.com.mx\/index.php\/wp-json\/wp\/v2\/posts\/72285\/revisions"}],"wp:featuredmedia":[{"embeddable":true,"href":"https:\/\/politicosaldesnudo.com.mx\/index.php\/wp-json\/wp\/v2\/media\/72286"}],"wp:attachment":[{"href":"https:\/\/politicosaldesnudo.com.mx\/index.php\/wp-json\/wp\/v2\/media?parent=72285"}],"wp:term":[{"taxonomy":"category","embeddable":true,"href":"https:\/\/politicosaldesnudo.com.mx\/index.php\/wp-json\/wp\/v2\/categories?post=72285"},{"taxonomy":"post_tag","embeddable":true,"href":"https:\/\/politicosaldesnudo.com.mx\/index.php\/wp-json\/wp\/v2\/tags?post=72285"}],"curies":[{"name":"wp","href":"https:\/\/api.w.org\/{rel}","templated":true}]}}