{"id":72291,"date":"2025-10-07T00:02:38","date_gmt":"2025-10-07T06:02:38","guid":{"rendered":"https:\/\/politicosaldesnudo.com.mx\/?p=72291"},"modified":"2025-10-06T20:54:17","modified_gmt":"2025-10-07T02:54:17","slug":"preparan-festival-de-la-vida-y-la-muerte","status":"publish","type":"post","link":"https:\/\/politicosaldesnudo.com.mx\/index.php\/2025\/10\/07\/preparan-festival-de-la-vida-y-la-muerte\/","title":{"rendered":"Preparan Festival de la Vida y la Muerte"},"content":{"rendered":"<p>La comunidad de Tumilco, ya se alistan los preparativos para el Festival de la Vida y la Muerte, una de las celebraciones m\u00e1s representativas de la regi\u00f3n de Tuxpan que busca rescatar tradiciones, danzas y costumbres ancestrales. El evento se llevar\u00e1 a cabo el pr\u00f3ximo 2 de noviembre, con actividades que incluyen altares monumentales, ofrendas, teatro comunitario, danzas tradicionales y presentaciones art\u00edsticas.<\/p>\n<p>Este festival se ha consolidado como un espacio para revivir la identidad cultural tuxpe\u00f1a, donde la comunidad participa activamente en cada representaci\u00f3n. En esta edici\u00f3n, se rendir\u00e1 un homenaje especial a los danzantes de la Malinche, fusionando elementos de vida y muerte en una propuesta esc\u00e9nica que busca rescatar el simbolismo ancestral de la danza.<\/p>\n<p>El promotor cultural Salvador Cruz Bautista explic\u00f3 que esta iniciativa ha sido posible gracias al trabajo conjunto con los habitantes y al inter\u00e9s por mantener vivas las ra\u00edces. \u201cPed\u00ed permiso al historiador porque incorporar m\u00e1scaras de muerte en la Malinche era algo fuerte, pero quisimos darle un sentido m\u00e1s profundo, un homenaje\u201d, detall\u00f3.<\/p>\n<p>Adem\u00e1s, regresar\u00e1n las conocidas \u201calmas interactivas\u201d, personajes inspirados en historias reales de Tumilco, que conectan al p\u00fablico con la memoria viva del lugar. Tambi\u00e9n participar\u00e1n grupos locales reconocidos como las leyendas vivas de Tumilco, quienes a\u00f1o con a\u00f1o aportan un toque aut\u00e9ntico a las celebraciones.<\/p>\n<p>Cruz Bautista adelant\u00f3 que, una vez concluido este evento, continuar\u00e1n los preparativos para la Transici\u00f3n de la Luz, el pr\u00f3ximo 6 de diciembre, ceremonia que representa el paso de la luz ind\u00edgena hacia la evangelizaci\u00f3n. \u201cSe encender\u00e1n m\u00e1s de dos mil velas para formar una cruz gigante. Es un acto simb\u00f3lico que une lo espiritual con lo cultural y mantiene viva la historia de Tuxpan\u201d, concluy\u00f3.<\/p>\n","protected":false},"excerpt":{"rendered":"<p>La comunidad de Tumilco, ya se alistan los preparativos para el Festival de la Vida y la Muerte, una de<\/p>\n","protected":false},"author":4,"featured_media":72292,"comment_status":"closed","ping_status":"closed","sticky":false,"template":"","format":"standard","meta":{"colormag_page_container_layout":"default_layout","colormag_page_sidebar_layout":"default_layout","_jetpack_memberships_contains_paid_content":false,"footnotes":"","jetpack_publicize_message":"","jetpack_publicize_feature_enabled":true,"jetpack_social_post_already_shared":true,"jetpack_social_options":{"image_generator_settings":{"template":"highway","default_image_id":0,"font":"","enabled":false},"version":2}},"categories":[1082],"tags":[],"class_list":["post-72291","post","type-post","status-publish","format-standard","has-post-thumbnail","hentry","category-tuxpan"],"jetpack_publicize_connections":[],"jetpack_featured_media_url":"https:\/\/i0.wp.com\/politicosaldesnudo.com.mx\/wp-content\/uploads\/2025\/10\/VIMU.jpg?fit=720%2C850&ssl=1","jetpack-related-posts":[],"jetpack_sharing_enabled":true,"_links":{"self":[{"href":"https:\/\/politicosaldesnudo.com.mx\/index.php\/wp-json\/wp\/v2\/posts\/72291","targetHints":{"allow":["GET"]}}],"collection":[{"href":"https:\/\/politicosaldesnudo.com.mx\/index.php\/wp-json\/wp\/v2\/posts"}],"about":[{"href":"https:\/\/politicosaldesnudo.com.mx\/index.php\/wp-json\/wp\/v2\/types\/post"}],"author":[{"embeddable":true,"href":"https:\/\/politicosaldesnudo.com.mx\/index.php\/wp-json\/wp\/v2\/users\/4"}],"replies":[{"embeddable":true,"href":"https:\/\/politicosaldesnudo.com.mx\/index.php\/wp-json\/wp\/v2\/comments?post=72291"}],"version-history":[{"count":0,"href":"https:\/\/politicosaldesnudo.com.mx\/index.php\/wp-json\/wp\/v2\/posts\/72291\/revisions"}],"wp:featuredmedia":[{"embeddable":true,"href":"https:\/\/politicosaldesnudo.com.mx\/index.php\/wp-json\/wp\/v2\/media\/72292"}],"wp:attachment":[{"href":"https:\/\/politicosaldesnudo.com.mx\/index.php\/wp-json\/wp\/v2\/media?parent=72291"}],"wp:term":[{"taxonomy":"category","embeddable":true,"href":"https:\/\/politicosaldesnudo.com.mx\/index.php\/wp-json\/wp\/v2\/categories?post=72291"},{"taxonomy":"post_tag","embeddable":true,"href":"https:\/\/politicosaldesnudo.com.mx\/index.php\/wp-json\/wp\/v2\/tags?post=72291"}],"curies":[{"name":"wp","href":"https:\/\/api.w.org\/{rel}","templated":true}]}}