{"id":72294,"date":"2025-10-07T00:03:42","date_gmt":"2025-10-07T06:03:42","guid":{"rendered":"https:\/\/politicosaldesnudo.com.mx\/?p=72294"},"modified":"2025-10-06T20:55:14","modified_gmt":"2025-10-07T02:55:14","slug":"recuerdan-lluvias-torrenciales","status":"publish","type":"post","link":"https:\/\/politicosaldesnudo.com.mx\/index.php\/2025\/10\/07\/recuerdan-lluvias-torrenciales\/","title":{"rendered":"Recuerdan lluvias torrenciales"},"content":{"rendered":"<p>Han transcurrido 26 a\u00f1os desde aquel amanecer del 6 de octubre de 1999, cuando Tuxpan despert\u00f3 cubierto por el agua. Una de las peores inundaciones de su historia dej\u00f3 a la ciudad paralizada, cientos de familias damnificadas y una huella imborrable en la memoria colectiva de los tuxpe\u00f1os.<\/p>\n<p>La causa fue la combinaci\u00f3n de la Tormenta Tropical n\u00famero 11 con el Frente Fr\u00edo n\u00famero 5, fen\u00f3menos que permanecieron estacionados frente a las costas de Veracruz durante varios d\u00edas, provocando lluvias torrenciales que hicieron colapsar los sistemas pluviales y desbordaron los r\u00edos de la regi\u00f3n.<\/p>\n<p>Durante la noche del 5 de octubre, los r\u00edos comenzaron a crecer de manera alarmante. Para las 8 o 9 de la noche, muchas familias ya ve\u00edan el agua ingresar a sus hogares, llev\u00e1ndose muebles, electrodom\u00e9sticos y todo lo que encontrara a su paso. En la madrugada, el nivel del agua alcanz\u00f3 hasta dos metros de altura en diversas zonas bajas del municipio, obligando a las personas a resguardarse en azoteas y pisos superiores.<\/p>\n<p>Algunas de las colonias m\u00e1s afectadas fueron Infonavit Tenechaco, Federico Blanco, Las Granjas y La Rivera, adem\u00e1s de varias comunidades rurales donde los caminos y puentes quedaron destruidos. El desbordamiento del r\u00edo Tuxpan fusion\u00f3 el cauce con las calles principales; el bulevar, los parques y parte del centro de la ciudad quedaron bajo el agua.<\/p>\n","protected":false},"excerpt":{"rendered":"<p>Han transcurrido 26 a\u00f1os desde aquel amanecer del 6 de octubre de 1999, cuando Tuxpan despert\u00f3 cubierto por el agua.<\/p>\n","protected":false},"author":4,"featured_media":72295,"comment_status":"closed","ping_status":"closed","sticky":false,"template":"","format":"standard","meta":{"colormag_page_container_layout":"default_layout","colormag_page_sidebar_layout":"default_layout","_jetpack_memberships_contains_paid_content":false,"footnotes":"","jetpack_publicize_message":"","jetpack_publicize_feature_enabled":true,"jetpack_social_post_already_shared":true,"jetpack_social_options":{"image_generator_settings":{"template":"highway","default_image_id":0,"font":"","enabled":false},"version":2}},"categories":[1082],"tags":[],"class_list":["post-72294","post","type-post","status-publish","format-standard","has-post-thumbnail","hentry","category-tuxpan"],"jetpack_publicize_connections":[],"jetpack_featured_media_url":"https:\/\/i0.wp.com\/politicosaldesnudo.com.mx\/wp-content\/uploads\/2025\/10\/LLU.jpg?fit=1112%2C720&ssl=1","jetpack-related-posts":[],"jetpack_sharing_enabled":true,"_links":{"self":[{"href":"https:\/\/politicosaldesnudo.com.mx\/index.php\/wp-json\/wp\/v2\/posts\/72294","targetHints":{"allow":["GET"]}}],"collection":[{"href":"https:\/\/politicosaldesnudo.com.mx\/index.php\/wp-json\/wp\/v2\/posts"}],"about":[{"href":"https:\/\/politicosaldesnudo.com.mx\/index.php\/wp-json\/wp\/v2\/types\/post"}],"author":[{"embeddable":true,"href":"https:\/\/politicosaldesnudo.com.mx\/index.php\/wp-json\/wp\/v2\/users\/4"}],"replies":[{"embeddable":true,"href":"https:\/\/politicosaldesnudo.com.mx\/index.php\/wp-json\/wp\/v2\/comments?post=72294"}],"version-history":[{"count":0,"href":"https:\/\/politicosaldesnudo.com.mx\/index.php\/wp-json\/wp\/v2\/posts\/72294\/revisions"}],"wp:featuredmedia":[{"embeddable":true,"href":"https:\/\/politicosaldesnudo.com.mx\/index.php\/wp-json\/wp\/v2\/media\/72295"}],"wp:attachment":[{"href":"https:\/\/politicosaldesnudo.com.mx\/index.php\/wp-json\/wp\/v2\/media?parent=72294"}],"wp:term":[{"taxonomy":"category","embeddable":true,"href":"https:\/\/politicosaldesnudo.com.mx\/index.php\/wp-json\/wp\/v2\/categories?post=72294"},{"taxonomy":"post_tag","embeddable":true,"href":"https:\/\/politicosaldesnudo.com.mx\/index.php\/wp-json\/wp\/v2\/tags?post=72294"}],"curies":[{"name":"wp","href":"https:\/\/api.w.org\/{rel}","templated":true}]}}