{"id":72315,"date":"2025-10-07T00:10:09","date_gmt":"2025-10-07T06:10:09","guid":{"rendered":"https:\/\/politicosaldesnudo.com.mx\/?p=72315"},"modified":"2025-10-06T21:35:23","modified_gmt":"2025-10-07T03:35:23","slug":"impone-trump-arancel-de-25-a-camiones-fabricados-fuera-de-eu-a-partir-de-noviembre","status":"publish","type":"post","link":"https:\/\/politicosaldesnudo.com.mx\/index.php\/2025\/10\/07\/impone-trump-arancel-de-25-a-camiones-fabricados-fuera-de-eu-a-partir-de-noviembre\/","title":{"rendered":"Impone Trump arancel de 25% a camiones fabricados fuera de EU a partir de noviembre"},"content":{"rendered":"<p class=\"nota-justify\">Los camiones medianos y pesados importados a Estados Unidos enfrentar\u00e1n un arancel del 25 por ciento a partir del 1\u00b0 de noviembre, anunci\u00f3 el presidente, Donald Trump en su plataforma Truth Social.<\/p>\n<p class=\"nota-justify\">De acuerdo con la Casa Blanca, la medida fue tomada por cuestiones de \u00abseguridad nacional\u00bb y tiene como objetivo apoyar a los fabricantes estadunidenses de camiones como Peterbilt, Kenworth, Freightliner o Mack Trucks. Trump argument\u00f3 en el pasado que los grav\u00e1menes buscan proteger a los fabricantes de la \u00abcompetencia externa desleal\u00bb<\/p>\n<p class=\"nota-justify\">En virtud de los acuerdos comerciales alcanzados con Jap\u00f3n y la Uni\u00f3n Europea, Estados Unidos acord\u00f3 aplicar aranceles del 15 por ciento a los veh\u00edculos de carga ligeros, pero no est\u00e1 claro si se aplicar\u00e1 esa misma tasa a los veh\u00edculos m\u00e1s grandes.<\/p>\n<p class=\"nota-justify\">La administraci\u00f3n Trump tambi\u00e9n ha permitido a los productores deducir el valor de los componentes estadunidenses de los aranceles pagados por los veh\u00edculos de carga ligeros ensamblados en Canad\u00e1 y M\u00e9xico.<\/p>\n<p class=\"nota-justify\">Los m\u00e1s grandes incluyen todo tipo de veh\u00edculos, desde camiones de reparto, camiones de basura, camiones de servicios p\u00fablicos, autobuses de transporte p\u00fablico, autobuses escolares y tractocamiones, as\u00ed como semirremolques y veh\u00edculos profesionales pesados.<\/p>\n<p class=\"nota-justify\">La C\u00e1mara de Comercio inst\u00f3 previamente al Departamento de Comercio a no imponer nuevos aranceles a los camiones, se\u00f1alando que los cinco principales or\u00edgenes de las importaciones son M\u00e9xico, Canad\u00e1, Jap\u00f3n, Alemania y Finlandia, \u00abtodos aliados o socios cercanos de Estados Unidos que no representan una amenaza para la seguridad nacional\u00bb.<\/p>\n<p class=\"nota-justify\">M\u00e9xico es el mayor exportador de camiones medianos y pesados a Estados Unidos. Un estudio publicado en enero indic\u00f3 que las importaciones de estos veh\u00edculos m\u00e1s grandes desde M\u00e9xico se han triplicado desde 2019, alcanzando alrededor de 340 mil en la actualidad, seg\u00fan estad\u00edsticas gubernamentales.<\/p>\n<p class=\"nota-justify\">Seg\u00fan el Tratado de Libre Comercio de Am\u00e9rica del Norte (T-MEC), los camiones medianos y pesados est\u00e1n exentos de aranceles si al menos el 64 por ciento de su valor proviene de Am\u00e9rica del Norte, ya sea por piezas como motores y ejes, materias primas como acero o mano de obra de ensamblaje.<\/p>\n<p class=\"nota-justify\">Los aranceles tambi\u00e9n podr\u00edan afectar a Stellantis, empresa matriz de Chrysler, que produce camionetas Ram de servicio pesado y furgonetas comerciales en M\u00e9xico. Stellantis hab\u00eda estado presionando a la Casa Blanca para que no impusiera aranceles elevados a sus camiones fabricados en M\u00e9xico.<\/p>\n<p class=\"nota-justify\">El Grupo Volvo, de Suecia, est\u00e1 construyendo una f\u00e1brica de camiones pesados de 700 millones de d\u00f3lares en Monterrey, M\u00e9xico, que iniciar\u00e1 operaciones en 2026.<\/p>\n<p class=\"nota-justify\">M\u00e9xico alberga a 14 fabricantes y ensambladores de autobuses, camiones y tractocamiones, y a dos fabricantes de motores, seg\u00fan la Administraci\u00f3n de Comercio Internacional de Estados Unidos (ITA).<\/p>\n<p class=\"nota-justify\">M\u00e9xico se opuso a los nuevos aranceles, informando al Departamento de Comercio en mayo que todos los camiones mexicanos exportados a Estados Unidos contienen, en promedio, un 50 por ciento de contenido estadunidense, incluyendo los motores di\u00e9sel.<\/p>\n<p class=\"nota-justify\">El a\u00f1o pasado, Estados Unidos import\u00f3 casi 128 mil millones de d\u00f3lares en autopartes de veh\u00edculos pesados desde M\u00e9xico, lo que representa aproximadamente el 28 por ciento del total de las importaciones estadunidenses, seg\u00fan M\u00e9xico.<\/p>\n","protected":false},"excerpt":{"rendered":"<p>Los camiones medianos y pesados importados a Estados Unidos enfrentar\u00e1n un arancel del 25 por ciento a partir del 1\u00b0<\/p>\n","protected":false},"author":4,"featured_media":72316,"comment_status":"closed","ping_status":"closed","sticky":false,"template":"","format":"standard","meta":{"colormag_page_container_layout":"default_layout","colormag_page_sidebar_layout":"default_layout","_jetpack_memberships_contains_paid_content":false,"footnotes":"","jetpack_publicize_message":"","jetpack_publicize_feature_enabled":true,"jetpack_social_post_already_shared":true,"jetpack_social_options":{"image_generator_settings":{"template":"highway","default_image_id":0,"font":"","enabled":false},"version":2}},"categories":[2050],"tags":[],"class_list":["post-72315","post","type-post","status-publish","format-standard","has-post-thumbnail","hentry","category-economia"],"jetpack_publicize_connections":[],"jetpack_featured_media_url":"https:\/\/i0.wp.com\/politicosaldesnudo.com.mx\/wp-content\/uploads\/2025\/10\/SINP.jpg?fit=772%2C517&ssl=1","jetpack-related-posts":[],"jetpack_sharing_enabled":true,"_links":{"self":[{"href":"https:\/\/politicosaldesnudo.com.mx\/index.php\/wp-json\/wp\/v2\/posts\/72315","targetHints":{"allow":["GET"]}}],"collection":[{"href":"https:\/\/politicosaldesnudo.com.mx\/index.php\/wp-json\/wp\/v2\/posts"}],"about":[{"href":"https:\/\/politicosaldesnudo.com.mx\/index.php\/wp-json\/wp\/v2\/types\/post"}],"author":[{"embeddable":true,"href":"https:\/\/politicosaldesnudo.com.mx\/index.php\/wp-json\/wp\/v2\/users\/4"}],"replies":[{"embeddable":true,"href":"https:\/\/politicosaldesnudo.com.mx\/index.php\/wp-json\/wp\/v2\/comments?post=72315"}],"version-history":[{"count":0,"href":"https:\/\/politicosaldesnudo.com.mx\/index.php\/wp-json\/wp\/v2\/posts\/72315\/revisions"}],"wp:featuredmedia":[{"embeddable":true,"href":"https:\/\/politicosaldesnudo.com.mx\/index.php\/wp-json\/wp\/v2\/media\/72316"}],"wp:attachment":[{"href":"https:\/\/politicosaldesnudo.com.mx\/index.php\/wp-json\/wp\/v2\/media?parent=72315"}],"wp:term":[{"taxonomy":"category","embeddable":true,"href":"https:\/\/politicosaldesnudo.com.mx\/index.php\/wp-json\/wp\/v2\/categories?post=72315"},{"taxonomy":"post_tag","embeddable":true,"href":"https:\/\/politicosaldesnudo.com.mx\/index.php\/wp-json\/wp\/v2\/tags?post=72315"}],"curies":[{"name":"wp","href":"https:\/\/api.w.org\/{rel}","templated":true}]}}