{"id":72361,"date":"2025-10-08T00:04:45","date_gmt":"2025-10-08T06:04:45","guid":{"rendered":"https:\/\/politicosaldesnudo.com.mx\/?p=72361"},"modified":"2025-10-07T21:48:18","modified_gmt":"2025-10-08T03:48:18","slug":"daniel-cortina-fortalecera-el-turismo-local-e-impulsara-el-progreso-en-la-zona-de-playa","status":"publish","type":"post","link":"https:\/\/politicosaldesnudo.com.mx\/index.php\/2025\/10\/08\/daniel-cortina-fortalecera-el-turismo-local-e-impulsara-el-progreso-en-la-zona-de-playa\/","title":{"rendered":"Daniel Cortina fortalecer\u00e1 el turismo local e impulsar\u00e1 el progreso en la zona de playa"},"content":{"rendered":"<p>\u201cTuxpan tendr\u00e1 un gobierno diferente, responsable y cercano\u201d, asegur\u00f3 Daniel Cortina Mart\u00ednez, presidente municipal electo, al reunirse con habitantes de la comunidad costera de San Antonio, desde donde hizo el compromiso de fortalecer el turismo local.<\/p>\n<p>En compa\u00f1\u00eda de la s\u00edndica electa, Martha Z\u00e1rate y del subagente municipal, Abel P\u00e9rez Amador, el pr\u00f3ximo alcalde de Tuxpan destac\u00f3 que su administraci\u00f3n le apostar\u00e1 al turismo, donde su motor ser\u00e1 la playa, la cual a\u00f1adi\u00f3, ser\u00e1 regularizada y se ejecutar\u00e1 un extraordinario programa de atenci\u00f3n.<\/p>\n<p>Detall\u00f3 que, a partir del 1 de enero, no solo en temporada vacacional se dar\u00e1 mantenimiento a sus accesos, sino que todos los d\u00edas del a\u00f1o las entradas a las playas tuxpe\u00f1as estar\u00e1n en \u00f3ptimas condiciones y con brigadas permanentes de limpieza.<\/p>\n<p>Al escuchar peticiones y recomendaciones de los asistentes, Cortina Mart\u00ednez mencion\u00f3 que, juntos, sociedad y gobierno cambiar\u00e1n la cara de Tuxpan.<\/p>\n<p>Adem\u00e1s de agradecer la activa participaci\u00f3n de la poblaci\u00f3n en este tipo de encuentros, los convoc\u00f3 a colaborar en las acciones que emprender\u00e1 el Ayuntamiento en los pr\u00f3ximos cuatro a\u00f1os.<\/p>\n<p>\u201cHabr\u00e1 respuesta y trabajo constante para mejorar sus condiciones de vida y fortaleceremos el turismo local, para impulsar el progreso de esta zona. Cuando las comunidades crecen, Tuxpan crece\u201d, concluy\u00f3 Daniel Cortina, para posteriormente recorrer la zona de playa.<\/p>\n","protected":false},"excerpt":{"rendered":"<p>\u201cTuxpan tendr\u00e1 un gobierno diferente, responsable y cercano\u201d, asegur\u00f3 Daniel Cortina Mart\u00ednez, presidente municipal electo, al reunirse con habitantes de<\/p>\n","protected":false},"author":4,"featured_media":72362,"comment_status":"closed","ping_status":"closed","sticky":false,"template":"","format":"standard","meta":{"colormag_page_container_layout":"default_layout","colormag_page_sidebar_layout":"default_layout","_jetpack_memberships_contains_paid_content":false,"footnotes":"","jetpack_publicize_message":"","jetpack_publicize_feature_enabled":true,"jetpack_social_post_already_shared":true,"jetpack_social_options":{"image_generator_settings":{"template":"highway","default_image_id":0,"font":"","enabled":false},"version":2}},"categories":[1082],"tags":[],"class_list":["post-72361","post","type-post","status-publish","format-standard","has-post-thumbnail","hentry","category-tuxpan"],"jetpack_publicize_connections":[],"jetpack_featured_media_url":"https:\/\/i0.wp.com\/politicosaldesnudo.com.mx\/wp-content\/uploads\/2025\/10\/WhatsApp-Image-2025-10-06-at-21.47.56.jpeg?fit=1076%2C785&ssl=1","jetpack-related-posts":[],"jetpack_sharing_enabled":true,"_links":{"self":[{"href":"https:\/\/politicosaldesnudo.com.mx\/index.php\/wp-json\/wp\/v2\/posts\/72361","targetHints":{"allow":["GET"]}}],"collection":[{"href":"https:\/\/politicosaldesnudo.com.mx\/index.php\/wp-json\/wp\/v2\/posts"}],"about":[{"href":"https:\/\/politicosaldesnudo.com.mx\/index.php\/wp-json\/wp\/v2\/types\/post"}],"author":[{"embeddable":true,"href":"https:\/\/politicosaldesnudo.com.mx\/index.php\/wp-json\/wp\/v2\/users\/4"}],"replies":[{"embeddable":true,"href":"https:\/\/politicosaldesnudo.com.mx\/index.php\/wp-json\/wp\/v2\/comments?post=72361"}],"version-history":[{"count":0,"href":"https:\/\/politicosaldesnudo.com.mx\/index.php\/wp-json\/wp\/v2\/posts\/72361\/revisions"}],"wp:featuredmedia":[{"embeddable":true,"href":"https:\/\/politicosaldesnudo.com.mx\/index.php\/wp-json\/wp\/v2\/media\/72362"}],"wp:attachment":[{"href":"https:\/\/politicosaldesnudo.com.mx\/index.php\/wp-json\/wp\/v2\/media?parent=72361"}],"wp:term":[{"taxonomy":"category","embeddable":true,"href":"https:\/\/politicosaldesnudo.com.mx\/index.php\/wp-json\/wp\/v2\/categories?post=72361"},{"taxonomy":"post_tag","embeddable":true,"href":"https:\/\/politicosaldesnudo.com.mx\/index.php\/wp-json\/wp\/v2\/tags?post=72361"}],"curies":[{"name":"wp","href":"https:\/\/api.w.org\/{rel}","templated":true}]}}