{"id":72367,"date":"2025-10-08T00:06:16","date_gmt":"2025-10-08T06:06:16","guid":{"rendered":"https:\/\/politicosaldesnudo.com.mx\/?p=72367"},"modified":"2025-10-07T22:00:46","modified_gmt":"2025-10-08T04:00:46","slug":"sheinbaum-se-reune-con-la-expresidenta-michelle-bachelet-en-palacio-nacional","status":"publish","type":"post","link":"https:\/\/politicosaldesnudo.com.mx\/index.php\/2025\/10\/08\/sheinbaum-se-reune-con-la-expresidenta-michelle-bachelet-en-palacio-nacional\/","title":{"rendered":"Sheinbaum se re\u00fane con la expresidenta Michelle Bachelet en Palacio Nacional"},"content":{"rendered":"<p class=\"nota-justify\">La presidenta Claudia Sheinbaum se reuni\u00f3 esta tarde en sus oficinas de Palacio Nacional con la expresidenta de Chile Michele Bachelet.<\/p>\n<p class=\"nota-justify\">\u201cRecibimos en Palacio Nacional a Michelle Bachelet, expresidenta de Chile; tambi\u00e9n se desempe\u00f1\u00f3 como alta comisionada de la ONU para los Derechos Humanos.\u201d, escribi\u00f3 en sus redes sociales.<\/p>\n<p>Acompa\u00f1ada del canciller Juan Ram\u00f3n de la Fuente, Sheinbaum convers\u00f3 con Bachelet \u00a0sobre Am\u00e9rica Latina, el bienestar y el papel de las mujeres en la pol\u00edtica.<\/p>\n<p>&nbsp;<\/p>\n","protected":false},"excerpt":{"rendered":"<p>La presidenta Claudia Sheinbaum se reuni\u00f3 esta tarde en sus oficinas de Palacio Nacional con la expresidenta de Chile Michele<\/p>\n","protected":false},"author":4,"featured_media":72368,"comment_status":"closed","ping_status":"closed","sticky":false,"template":"","format":"standard","meta":{"colormag_page_container_layout":"default_layout","colormag_page_sidebar_layout":"default_layout","_jetpack_memberships_contains_paid_content":false,"footnotes":"","jetpack_publicize_message":"","jetpack_publicize_feature_enabled":true,"jetpack_social_post_already_shared":true,"jetpack_social_options":{"image_generator_settings":{"template":"highway","default_image_id":0,"font":"","enabled":false},"version":2}},"categories":[33],"tags":[],"class_list":["post-72367","post","type-post","status-publish","format-standard","has-post-thumbnail","hentry","category-nacional"],"jetpack_publicize_connections":[],"jetpack_featured_media_url":"https:\/\/i0.wp.com\/politicosaldesnudo.com.mx\/wp-content\/uploads\/2025\/10\/bache.jpg?fit=780%2C512&ssl=1","jetpack-related-posts":[],"jetpack_sharing_enabled":true,"_links":{"self":[{"href":"https:\/\/politicosaldesnudo.com.mx\/index.php\/wp-json\/wp\/v2\/posts\/72367","targetHints":{"allow":["GET"]}}],"collection":[{"href":"https:\/\/politicosaldesnudo.com.mx\/index.php\/wp-json\/wp\/v2\/posts"}],"about":[{"href":"https:\/\/politicosaldesnudo.com.mx\/index.php\/wp-json\/wp\/v2\/types\/post"}],"author":[{"embeddable":true,"href":"https:\/\/politicosaldesnudo.com.mx\/index.php\/wp-json\/wp\/v2\/users\/4"}],"replies":[{"embeddable":true,"href":"https:\/\/politicosaldesnudo.com.mx\/index.php\/wp-json\/wp\/v2\/comments?post=72367"}],"version-history":[{"count":0,"href":"https:\/\/politicosaldesnudo.com.mx\/index.php\/wp-json\/wp\/v2\/posts\/72367\/revisions"}],"wp:featuredmedia":[{"embeddable":true,"href":"https:\/\/politicosaldesnudo.com.mx\/index.php\/wp-json\/wp\/v2\/media\/72368"}],"wp:attachment":[{"href":"https:\/\/politicosaldesnudo.com.mx\/index.php\/wp-json\/wp\/v2\/media?parent=72367"}],"wp:term":[{"taxonomy":"category","embeddable":true,"href":"https:\/\/politicosaldesnudo.com.mx\/index.php\/wp-json\/wp\/v2\/categories?post=72367"},{"taxonomy":"post_tag","embeddable":true,"href":"https:\/\/politicosaldesnudo.com.mx\/index.php\/wp-json\/wp\/v2\/tags?post=72367"}],"curies":[{"name":"wp","href":"https:\/\/api.w.org\/{rel}","templated":true}]}}