{"id":72373,"date":"2025-10-08T00:08:50","date_gmt":"2025-10-08T06:08:50","guid":{"rendered":"https:\/\/politicosaldesnudo.com.mx\/?p=72373"},"modified":"2025-10-07T22:04:52","modified_gmt":"2025-10-08T04:04:52","slug":"expropian-otros-18-predios-en-cinco-estados-para-el-tren-maya","status":"publish","type":"post","link":"https:\/\/politicosaldesnudo.com.mx\/index.php\/2025\/10\/08\/expropian-otros-18-predios-en-cinco-estados-para-el-tren-maya\/","title":{"rendered":"Expropian otros 18 predios en cinco estados para el Tren Maya"},"content":{"rendered":"<p class=\"nota-justify\">Por causa de utilidad p\u00fablica, el gobierno federal decret\u00f3 la expropiaci\u00f3n de otros 18 predios con una extensi\u00f3n de 115 mil 428 metros cuadrados, ubicados en cinco entidades del sureste del pa\u00eds, para la construcci\u00f3n de tres tramos del Tren Maya.<\/p>\n<p class=\"nota-justify\">El decreto publicado por la Presidencia de la Rep\u00fablica, incluye las construcciones e instalaciones que se encuentren en los bienes inmuebles privados y a partir de hoy la Secretar\u00eda de Desarrollo Agrario, Territorial y Urbano procede a su ocupaci\u00f3n inmediata.<\/p>\n<p class=\"nota-justify\">Se\u00f1ala que los terrenos son para la ejecuci\u00f3n de los tramos 1, 4 y 6 del Tren Maya, estos inmuebles ubicados de la siguiente forma: nueve en Palenque, Chiapas; tres Esc\u00e1rcega, Campeche; tres, en Tabasco; dos, en Yucat\u00e1n; y uno en Bacalar, Quintana Roo.<\/p>\n<p class=\"nota-justify\">En el decreto, que entr\u00f3 en vigor este martes, no se precis\u00f3 el valor de los predios. \u00danicamente se\u00f1ala que el Instituto de Administraci\u00f3n y Aval\u00faos de Bienes Nacionales determin\u00f3 el monto unitario por metro cuadrado y los due\u00f1os de los inmuebles tienen plazo de diez d\u00edas h\u00e1biles siguientes a la notificaci\u00f3n para iniciar el procedimiento judicial con el \u00fanico objeto de controvertir el monto de la indemnizaci\u00f3n.<\/p>\n<p class=\"nota-justify\">Tambi\u00e9n fueron expropiadas otras 00-00-55 hect\u00e1reas de uso parcelado del ejido Maxcan\u00fa, ubicado en el municipio de Maxcan\u00fa, estado de Yucat\u00e1n, para la construcci\u00f3n de obras de infraestructura ferroviaria del proyecto Tren Maya y sus obras complementarias al Tramo 3 Calkin\u00ed-Izamal. Como indemnizaci\u00f3n, el ejido de Maxcan\u00fa recibir\u00e1 4 mil 152 pesos 70 centavos.<\/p>\n<p class=\"nota-justify\">En otro decreto, se expropiaron 27-51-70 hect\u00e1reas de temporal de uso parcelado, para los tramos 1 \u00abPalenque-Esc\u00e1rcega\u00bb y al Tramo 7 \u00abChetumal-Esc\u00e1rcega\u00bb, y cuyo valor comercial asciende a 2 millones 985 mil 867 pesos.<\/p>\n","protected":false},"excerpt":{"rendered":"<p>Por causa de utilidad p\u00fablica, el gobierno federal decret\u00f3 la expropiaci\u00f3n de otros 18 predios con una extensi\u00f3n de 115<\/p>\n","protected":false},"author":4,"featured_media":72374,"comment_status":"closed","ping_status":"closed","sticky":false,"template":"","format":"standard","meta":{"colormag_page_container_layout":"default_layout","colormag_page_sidebar_layout":"default_layout","_jetpack_memberships_contains_paid_content":false,"footnotes":"","jetpack_publicize_message":"","jetpack_publicize_feature_enabled":true,"jetpack_social_post_already_shared":true,"jetpack_social_options":{"image_generator_settings":{"template":"highway","default_image_id":0,"font":"","enabled":false},"version":2}},"categories":[33],"tags":[],"class_list":["post-72373","post","type-post","status-publish","format-standard","has-post-thumbnail","hentry","category-nacional"],"jetpack_publicize_connections":[],"jetpack_featured_media_url":"https:\/\/i0.wp.com\/politicosaldesnudo.com.mx\/wp-content\/uploads\/2025\/10\/comochi.jpg?fit=728%2C514&ssl=1","jetpack-related-posts":[],"jetpack_sharing_enabled":true,"_links":{"self":[{"href":"https:\/\/politicosaldesnudo.com.mx\/index.php\/wp-json\/wp\/v2\/posts\/72373","targetHints":{"allow":["GET"]}}],"collection":[{"href":"https:\/\/politicosaldesnudo.com.mx\/index.php\/wp-json\/wp\/v2\/posts"}],"about":[{"href":"https:\/\/politicosaldesnudo.com.mx\/index.php\/wp-json\/wp\/v2\/types\/post"}],"author":[{"embeddable":true,"href":"https:\/\/politicosaldesnudo.com.mx\/index.php\/wp-json\/wp\/v2\/users\/4"}],"replies":[{"embeddable":true,"href":"https:\/\/politicosaldesnudo.com.mx\/index.php\/wp-json\/wp\/v2\/comments?post=72373"}],"version-history":[{"count":0,"href":"https:\/\/politicosaldesnudo.com.mx\/index.php\/wp-json\/wp\/v2\/posts\/72373\/revisions"}],"wp:featuredmedia":[{"embeddable":true,"href":"https:\/\/politicosaldesnudo.com.mx\/index.php\/wp-json\/wp\/v2\/media\/72374"}],"wp:attachment":[{"href":"https:\/\/politicosaldesnudo.com.mx\/index.php\/wp-json\/wp\/v2\/media?parent=72373"}],"wp:term":[{"taxonomy":"category","embeddable":true,"href":"https:\/\/politicosaldesnudo.com.mx\/index.php\/wp-json\/wp\/v2\/categories?post=72373"},{"taxonomy":"post_tag","embeddable":true,"href":"https:\/\/politicosaldesnudo.com.mx\/index.php\/wp-json\/wp\/v2\/tags?post=72373"}],"curies":[{"name":"wp","href":"https:\/\/api.w.org\/{rel}","templated":true}]}}