{"id":72376,"date":"2025-10-08T00:09:20","date_gmt":"2025-10-08T06:09:20","guid":{"rendered":"https:\/\/politicosaldesnudo.com.mx\/?p=72376"},"modified":"2025-10-07T22:07:33","modified_gmt":"2025-10-08T04:07:33","slug":"tesla-presenta-un-model-y-mas-barato-en-su-busqueda-de-reavivar-las-ventas","status":"publish","type":"post","link":"https:\/\/politicosaldesnudo.com.mx\/index.php\/2025\/10\/08\/tesla-presenta-un-model-y-mas-barato-en-su-busqueda-de-reavivar-las-ventas\/","title":{"rendered":"Tesla presenta un Model Y m\u00e1s barato en su b\u00fasqueda de reavivar las ventas"},"content":{"rendered":"<p class=\"nota-justify\">Tesla present\u00f3 el martes versiones m\u00e1s asequibles de su superventas, el SUV Model Y, y de su sed\u00e1n Model 3, a 39 mil 990 d\u00f3lares y 36 mil 990 d\u00f3lares, respectivamente, en un momento en que el fabricante de veh\u00edculos el\u00e9ctricos trata de revertir la ca\u00edda de las ventas y la disminuci\u00f3n de su cuota de mercado en medio de una creciente competencia.<\/p>\n<p class=\"nota-justify\">Las acciones de Tesla cayeron 4.50 por ciento a 432.87 d\u00f3lares.<\/p>\n<p class=\"nota-justify\">Ambas versiones, denominadas Standard, ofrecen 321 millas (516 kil\u00f3metros) de autonom\u00eda y una aceleraci\u00f3n menos potente que los actuales acabados superiores denominados Premium.<\/p>\n<p class=\"nota-justify\">Las versiones Standard no incluyen Autosteer, el sistema de asistencia al conductor de Tesla, ni pantallas t\u00e1ctiles para los pasajeros traseros. Tesla tambi\u00e9n ha eliminado la barra de luces LED en el Model Y m\u00e1s barato. Ambos vienen con asientos textiles, con cuero vegano disponible para el Model 3, y espejos laterales de ajuste manual.<\/p>\n<p class=\"nota-justify\">El m\u00e1ximo ejecutivo, Elon Musk, lleva a\u00f1os prometiendo veh\u00edculos para el mercado de masas, aunque el a\u00f1o pasado cancel\u00f3 sus planes de fabricar un nuevo veh\u00edculo el\u00e9ctrico de 25 mil d\u00f3lares, seg\u00fan adelant\u00f3\u00a0<i>Reuters<\/i>.<\/p>\n<p class=\"nota-justify\">A finales del a\u00f1o pasado, Musk dijo que el veh\u00edculo tendr\u00eda un precio inferior al \u201cumbral clave\u201d de 30 mil d\u00f3lares, incluidos los cr\u00e9ditos fiscales estadunidenses para veh\u00edculos el\u00e9ctricos (VE).<\/p>\n<p class=\"nota-justify\">En Estados Unidos, los precios aumentaron efectivamente en 7 mil 500 d\u00f3lares a finales del mes pasado, cuando termin\u00f3 el cr\u00e9dito. Eso ayud\u00f3 a que las ventas trimestrales alcanzaran un r\u00e9cord, pero las expectativas son que se ralenticen durante el resto del a\u00f1o, a menos que el autom\u00f3vil asequible acuda al rescate.<\/p>\n<p class=\"nota-justify\">\u201cEl deseo de comprar el autom\u00f3vil es muy alto. (Lo que) ocurre es que la gente no tiene suficiente dinero en la cuenta bancaria para comprarlo\u201d, dijo Musk en julio durante la presentaci\u00f3n de los resultados del segundo trimestre de Tesla. \u201cAs\u00ed que cuanto m\u00e1s asequible podamos hacer el autom\u00f3vil, mejor\u201d.<\/p>\n<p class=\"nota-justify\">Tesla hab\u00eda publicado dos clips en X durante el fin de semana, encendiendo la expectativa entre los seguidores. Uno de los videos muestra unos faros asomando en positivo y otro muestra lo que parece una rueda girando durante unos segundos, seguido de \u201c10\/7\u201d, el formato estadounidense para la fecha 7 de octubre.<\/p>\n","protected":false},"excerpt":{"rendered":"<p>Tesla present\u00f3 el martes versiones m\u00e1s asequibles de su superventas, el SUV Model Y, y de su sed\u00e1n Model 3,<\/p>\n","protected":false},"author":4,"featured_media":72377,"comment_status":"closed","ping_status":"closed","sticky":false,"template":"","format":"standard","meta":{"colormag_page_container_layout":"default_layout","colormag_page_sidebar_layout":"default_layout","_jetpack_memberships_contains_paid_content":false,"footnotes":"","jetpack_publicize_message":"","jetpack_publicize_feature_enabled":true,"jetpack_social_post_already_shared":true,"jetpack_social_options":{"image_generator_settings":{"template":"highway","default_image_id":0,"font":"","enabled":false},"version":2}},"categories":[2050],"tags":[],"class_list":["post-72376","post","type-post","status-publish","format-standard","has-post-thumbnail","hentry","category-economia"],"jetpack_publicize_connections":[],"jetpack_featured_media_url":"https:\/\/i0.wp.com\/politicosaldesnudo.com.mx\/wp-content\/uploads\/2025\/10\/CHICH.jpg?fit=662%2C421&ssl=1","jetpack-related-posts":[],"jetpack_sharing_enabled":true,"_links":{"self":[{"href":"https:\/\/politicosaldesnudo.com.mx\/index.php\/wp-json\/wp\/v2\/posts\/72376","targetHints":{"allow":["GET"]}}],"collection":[{"href":"https:\/\/politicosaldesnudo.com.mx\/index.php\/wp-json\/wp\/v2\/posts"}],"about":[{"href":"https:\/\/politicosaldesnudo.com.mx\/index.php\/wp-json\/wp\/v2\/types\/post"}],"author":[{"embeddable":true,"href":"https:\/\/politicosaldesnudo.com.mx\/index.php\/wp-json\/wp\/v2\/users\/4"}],"replies":[{"embeddable":true,"href":"https:\/\/politicosaldesnudo.com.mx\/index.php\/wp-json\/wp\/v2\/comments?post=72376"}],"version-history":[{"count":0,"href":"https:\/\/politicosaldesnudo.com.mx\/index.php\/wp-json\/wp\/v2\/posts\/72376\/revisions"}],"wp:featuredmedia":[{"embeddable":true,"href":"https:\/\/politicosaldesnudo.com.mx\/index.php\/wp-json\/wp\/v2\/media\/72377"}],"wp:attachment":[{"href":"https:\/\/politicosaldesnudo.com.mx\/index.php\/wp-json\/wp\/v2\/media?parent=72376"}],"wp:term":[{"taxonomy":"category","embeddable":true,"href":"https:\/\/politicosaldesnudo.com.mx\/index.php\/wp-json\/wp\/v2\/categories?post=72376"},{"taxonomy":"post_tag","embeddable":true,"href":"https:\/\/politicosaldesnudo.com.mx\/index.php\/wp-json\/wp\/v2\/tags?post=72376"}],"curies":[{"name":"wp","href":"https:\/\/api.w.org\/{rel}","templated":true}]}}