{"id":72382,"date":"2025-10-08T00:11:51","date_gmt":"2025-10-08T06:11:51","guid":{"rendered":"https:\/\/politicosaldesnudo.com.mx\/?p=72382"},"modified":"2025-10-07T22:11:03","modified_gmt":"2025-10-08T04:11:03","slug":"apunta-mexico-a-innovacion-tecnologica-para-abatir-la-pobreza-ebrard","status":"publish","type":"post","link":"https:\/\/politicosaldesnudo.com.mx\/index.php\/2025\/10\/08\/apunta-mexico-a-innovacion-tecnologica-para-abatir-la-pobreza-ebrard\/","title":{"rendered":"Apunta M\u00e9xico a innovaci\u00f3n tecnol\u00f3gica para abatir la pobreza: Ebrard"},"content":{"rendered":"<p class=\"nota-justify\">M\u00e9xico tiene el objetivo de incentivar la innovaci\u00f3n para ayudar a resolver problemas importantes que existen en el pa\u00eds en toda la regi\u00f3n, por lo que durante la pr\u00f3xima edici\u00f3n para Am\u00e9rica Latina y el Caribe del STS Forum a celebrarse en Cuernavaca, Morelos en diciembre pr\u00f3ximo, reunir\u00e1 en un solo espacio a empresarios, innovadores, acad\u00e9micos y otros especialistas de todo el mundo, indic\u00f3 Marcelo Ebrard, titular de la Secretar\u00eda de Econom\u00eda (SE).<\/p>\n<p class=\"nota-justify\">Al participar en la edici\u00f3n global de STS Forum, que, como cada a\u00f1o, se celebra en Kioto, Jap\u00f3n, y que este a\u00f1o congrega a m\u00e1s de mil 500 l\u00edderes y especialistas en ciencia y tecnolog\u00eda el funcionario destac\u00f3 que entre el 3 y 5 de diciembre pr\u00f3ximos habr\u00e1 un escenario que ayudar\u00e1 a la presentaci\u00f3n e implementaci\u00f3n de ideas a soluciones como el estr\u00e9s h\u00eddrico y el cambio clim\u00e1tico, movilidad y electromovilidad inteligente en las ciudades, uso de la IA en los sistemas de salud y enfoque sostenible de las actividades agr\u00edcolas.<\/p>\n<p class=\"nota-justify\">\u201cVamos a tener una ocasi\u00f3n emocionante para impulsar la ciencia, la tecnolog\u00eda y conectar con una nueva generaci\u00f3n. Solo piensen que M\u00e9xico tiene actualmente 5.3 millones de j\u00f3venes estudiantes en universidades, centros de investigaci\u00f3n y en todos los sistemas que tenemos, en el sistema educativo\u201d, expuso Ebrard.<\/p>\n<p class=\"nota-justify\">En su discurso, el funcionario dijo que M\u00e9xico busca c\u00f3mo encender la innovaci\u00f3n, herramienta vital para transformar a la sociedad y continuar sacando personas de la pobreza, lo cual es imposible sin la tecnolog\u00eda. Por esta raz\u00f3n, agreg\u00f3, es importante tener a las startups, unicornios, universidades y comunidad cient\u00edfica reunida.<\/p>\n<p class=\"nota-justify\">Explic\u00f3 que en el marco del STS Forum se presentar\u00e1n las mejores patentes, dise\u00f1os industriales, nuevas ideas y proyectos de innovaci\u00f3n, los cuales se reunir\u00e1n con alrededor de mil 800 inversionistas y representantes del sector financiero de todo el mundo que han sido convocados al evento.<\/p>\n<p class=\"nota-justify\">\u201cBuscamos construir un puente con todo el mundo. Los gobiernos deben \u2014y estamos comprometidos\u2014 promover los valores cient\u00edficos. La b\u00fasqueda de la verdad. La libertad. El respeto mutuo. Promover la cooperaci\u00f3n entre nosotros. Especialmente en nuestros tiempos\u201d, finaliz\u00f3.<\/p>\n","protected":false},"excerpt":{"rendered":"<p>M\u00e9xico tiene el objetivo de incentivar la innovaci\u00f3n para ayudar a resolver problemas importantes que existen en el pa\u00eds en<\/p>\n","protected":false},"author":4,"featured_media":72383,"comment_status":"closed","ping_status":"closed","sticky":false,"template":"","format":"standard","meta":{"colormag_page_container_layout":"default_layout","colormag_page_sidebar_layout":"default_layout","_jetpack_memberships_contains_paid_content":false,"footnotes":"","jetpack_publicize_message":"","jetpack_publicize_feature_enabled":true,"jetpack_social_post_already_shared":true,"jetpack_social_options":{"image_generator_settings":{"template":"highway","default_image_id":0,"font":"","enabled":false},"version":2}},"categories":[2050],"tags":[],"class_list":["post-72382","post","type-post","status-publish","format-standard","has-post-thumbnail","hentry","category-economia"],"jetpack_publicize_connections":[],"jetpack_featured_media_url":"https:\/\/i0.wp.com\/politicosaldesnudo.com.mx\/wp-content\/uploads\/2025\/10\/LAEBVG.jpg?fit=778%2C587&ssl=1","jetpack-related-posts":[],"jetpack_sharing_enabled":true,"_links":{"self":[{"href":"https:\/\/politicosaldesnudo.com.mx\/index.php\/wp-json\/wp\/v2\/posts\/72382","targetHints":{"allow":["GET"]}}],"collection":[{"href":"https:\/\/politicosaldesnudo.com.mx\/index.php\/wp-json\/wp\/v2\/posts"}],"about":[{"href":"https:\/\/politicosaldesnudo.com.mx\/index.php\/wp-json\/wp\/v2\/types\/post"}],"author":[{"embeddable":true,"href":"https:\/\/politicosaldesnudo.com.mx\/index.php\/wp-json\/wp\/v2\/users\/4"}],"replies":[{"embeddable":true,"href":"https:\/\/politicosaldesnudo.com.mx\/index.php\/wp-json\/wp\/v2\/comments?post=72382"}],"version-history":[{"count":0,"href":"https:\/\/politicosaldesnudo.com.mx\/index.php\/wp-json\/wp\/v2\/posts\/72382\/revisions"}],"wp:featuredmedia":[{"embeddable":true,"href":"https:\/\/politicosaldesnudo.com.mx\/index.php\/wp-json\/wp\/v2\/media\/72383"}],"wp:attachment":[{"href":"https:\/\/politicosaldesnudo.com.mx\/index.php\/wp-json\/wp\/v2\/media?parent=72382"}],"wp:term":[{"taxonomy":"category","embeddable":true,"href":"https:\/\/politicosaldesnudo.com.mx\/index.php\/wp-json\/wp\/v2\/categories?post=72382"},{"taxonomy":"post_tag","embeddable":true,"href":"https:\/\/politicosaldesnudo.com.mx\/index.php\/wp-json\/wp\/v2\/tags?post=72382"}],"curies":[{"name":"wp","href":"https:\/\/api.w.org\/{rel}","templated":true}]}}