{"id":72388,"date":"2025-10-08T00:13:42","date_gmt":"2025-10-08T06:13:42","guid":{"rendered":"https:\/\/politicosaldesnudo.com.mx\/?p=72388"},"modified":"2025-10-07T22:16:03","modified_gmt":"2025-10-08T04:16:03","slug":"madre-de-desaparecido-protesta-en-evento-de-rocio-nahle-al-sur-de-veracruz","status":"publish","type":"post","link":"https:\/\/politicosaldesnudo.com.mx\/index.php\/2025\/10\/08\/madre-de-desaparecido-protesta-en-evento-de-rocio-nahle-al-sur-de-veracruz\/","title":{"rendered":"Madre de desaparecido protesta en evento de Roc\u00edo Nahle al sur de Veracruz"},"content":{"rendered":"<p class=\"nota-justify\">Familiares, amigos y compa\u00f1eros de trabajo del joven desaparecido Sergio Molina Jim\u00e9nez, se manifestaron durante un evento de la gobernadora Roc\u00edo Nahle Garcia, para exigir su localizaci\u00f3n con vida lo antes posible.<\/p>\n<p class=\"nota-justify\">La madre del desaparecido, Rogelia Jim\u00e9nez Sandoval, fue quien encabez\u00f3 la protesta, que con pancartas y mantas buscaban llamar la atenci\u00f3n de la mandataria, para que ordene que se haga todo lo posible para hallar a Sergio.<\/p>\n<p class=\"nota-justify\">Jim\u00e9nez Sandoval logr\u00f3 abordar a la mandataria y le relat\u00f3 lo ocurrido con su hijo, ante lo que Nahle se\u00f1al\u00f3 que la Fiscal\u00eda ya est\u00e1 abordando el caso y que se mantendr\u00e1 vigilante de la situaci\u00f3n.<\/p>\n<p class=\"nota-justify\">\u201cSu madre lo quiere de regreso vivo, suplicamos ayuda\u201d, \u201cay\u00fadenos a encontrarlo, por favor\u201d y \u201cpara una mares es muy duro ver el amanecer y ver que tu hijo no est\u00e1\u201d, fueron algunas de las frases que se pod\u00edan leer en los carteles de la protesta.<\/p>\n<p class=\"nota-justify\">Cabe recordar que en d\u00edas recientes se dio a conocer un video en el que Jim\u00e9nez Sandoval suplica a quienes se llevaron a su hijo para que lo devuelvan con bien, pues asegura que se trata de un buen muchacho,<\/p>\n<p class=\"nota-justify\">Sergio Molina Jim\u00e9nez desapareci\u00f3 el pasado 2 de octubre, a la altura de una gasolinera en el municipio de Isla, al sur de la entidad Veracruzana y se dedica a la venta y compra de pi\u00f1a en una b\u00e1scula de la regi\u00f3n.<\/p>\n<p class=\"nota-justify\">En fechas recientes, el sur del estado de Veracruz se ha visto marcado por una serie de desapariciones entre las que se cuentan, adem\u00e1s de la de Sergio Molina; la de la pareja de Tuxtepec, Eusebio Nolasco Joaqu\u00edn y Guillermina L\u00f3pez Rivera desaparecidos el 18 de junio; o la de Juan Daniel Gamboa Pardo, hijo del dirigente del comit\u00e9 municipal del PAN en Azueta, Jes\u00fas Gamboa Rodr\u00edguez.<\/p>\n","protected":false},"excerpt":{"rendered":"<p>Familiares, amigos y compa\u00f1eros de trabajo del joven desaparecido Sergio Molina Jim\u00e9nez, se manifestaron durante un evento de la gobernadora<\/p>\n","protected":false},"author":4,"featured_media":72389,"comment_status":"closed","ping_status":"closed","sticky":false,"template":"","format":"standard","meta":{"colormag_page_container_layout":"default_layout","colormag_page_sidebar_layout":"default_layout","_jetpack_memberships_contains_paid_content":false,"footnotes":"","jetpack_publicize_message":"","jetpack_publicize_feature_enabled":true,"jetpack_social_post_already_shared":true,"jetpack_social_options":{"image_generator_settings":{"template":"highway","default_image_id":0,"font":"","enabled":false},"version":2}},"categories":[30],"tags":[],"class_list":["post-72388","post","type-post","status-publish","format-standard","has-post-thumbnail","hentry","category-estados"],"jetpack_publicize_connections":[],"jetpack_featured_media_url":"https:\/\/i0.wp.com\/politicosaldesnudo.com.mx\/wp-content\/uploads\/2025\/10\/MADES.jpg?fit=755%2C563&ssl=1","jetpack-related-posts":[],"jetpack_sharing_enabled":true,"_links":{"self":[{"href":"https:\/\/politicosaldesnudo.com.mx\/index.php\/wp-json\/wp\/v2\/posts\/72388","targetHints":{"allow":["GET"]}}],"collection":[{"href":"https:\/\/politicosaldesnudo.com.mx\/index.php\/wp-json\/wp\/v2\/posts"}],"about":[{"href":"https:\/\/politicosaldesnudo.com.mx\/index.php\/wp-json\/wp\/v2\/types\/post"}],"author":[{"embeddable":true,"href":"https:\/\/politicosaldesnudo.com.mx\/index.php\/wp-json\/wp\/v2\/users\/4"}],"replies":[{"embeddable":true,"href":"https:\/\/politicosaldesnudo.com.mx\/index.php\/wp-json\/wp\/v2\/comments?post=72388"}],"version-history":[{"count":0,"href":"https:\/\/politicosaldesnudo.com.mx\/index.php\/wp-json\/wp\/v2\/posts\/72388\/revisions"}],"wp:featuredmedia":[{"embeddable":true,"href":"https:\/\/politicosaldesnudo.com.mx\/index.php\/wp-json\/wp\/v2\/media\/72389"}],"wp:attachment":[{"href":"https:\/\/politicosaldesnudo.com.mx\/index.php\/wp-json\/wp\/v2\/media?parent=72388"}],"wp:term":[{"taxonomy":"category","embeddable":true,"href":"https:\/\/politicosaldesnudo.com.mx\/index.php\/wp-json\/wp\/v2\/categories?post=72388"},{"taxonomy":"post_tag","embeddable":true,"href":"https:\/\/politicosaldesnudo.com.mx\/index.php\/wp-json\/wp\/v2\/tags?post=72388"}],"curies":[{"name":"wp","href":"https:\/\/api.w.org\/{rel}","templated":true}]}}