{"id":72391,"date":"2025-10-08T00:14:49","date_gmt":"2025-10-08T06:14:49","guid":{"rendered":"https:\/\/politicosaldesnudo.com.mx\/?p=72391"},"modified":"2025-10-07T22:18:15","modified_gmt":"2025-10-08T04:18:15","slug":"buscadoras-acusan-a-fiscalia-de-chiapas-de-simular-apoyo-y-lucrar-con-victimas","status":"publish","type":"post","link":"https:\/\/politicosaldesnudo.com.mx\/index.php\/2025\/10\/08\/buscadoras-acusan-a-fiscalia-de-chiapas-de-simular-apoyo-y-lucrar-con-victimas\/","title":{"rendered":"Buscadoras acusan a Fiscal\u00eda de Chiapas de simular apoyo y lucrar con v\u00edctimas"},"content":{"rendered":"<p class=\"nota-justify\">Madres y familiares de personas desaparecidas as\u00ed como v\u00edctimas de feminicidio del colectivo protestaron frente a la sede de la Fiscal\u00eda General del Estado en Tuxtla Guti\u00e9rrez, Chiapas, para exigir acciones espec\u00edficas de b\u00fasqueda y justicia.<\/p>\n<p class=\"nota-justify\">\u201cNosotras no buscamos mesas de atenci\u00f3n, buscamos justicia y verdad\u201d se\u00f1alaron en un pronunciamiento integrantes colectivo Madres en Resistencia Chiapas.<\/p>\n<p class=\"nota-justify\">Las manifestantes acusaron al Fiscal estatal, Jorge Luis Llaven Abarca, de lucrar pol\u00edticamente con las v\u00edctimas al difundir medi\u00e1ticamente una fotograf\u00eda de una reuni\u00f3n privada sostenida en septiembre pasado.<\/p>\n<p class=\"nota-justify\">\u201cEl Fiscal General miente al afirmar que se nos ha escuchado\u201d. \u201cUna fotograf\u00eda no es prueba de di\u00e1logo; es prueba del uso pol\u00edtico que le dan a las im\u00e1genes de las v\u00edctimas\u201d, acusaron.<\/p>\n<p class=\"nota-justify\">Agregaron que la Fiscal\u00eda contra Desaparecidos hab\u00eda proyectado acciones de b\u00fasqueda que hasta ahora no se han concretado.<\/p>\n<p class=\"nota-justify\">Las manifestantes tambi\u00e9n pidieron la renuncia de una funcionaria de la Fiscal\u00eda contra feminicidios, \u201cquien filtr\u00f3 fotograf\u00edas de una carpeta de investigaci\u00f3n del caso de Jade, vulnerando los derechos de una madre que exige justicia\u201d.<\/p>\n<p class=\"nota-justify\">Durante la manifestaci\u00f3n las madres y familiares bloquearon las v\u00edas del libramiento norte, frente a la FGE. Alrededor de las 15 horas Polic\u00edas Municipales de Tuxtla Guti\u00e9rrez intentaron desalojarlas, por lo que denunciaron jaloneos y golpes.<\/p>\n<p class=\"nota-justify\">\u201cNo nos vamos a callar, no nos vamos a calmar, estamos muy enojadas porque el Estado nos debe mucho, nos debe a nuestras hijas, nos deben la memoria de ellas, han pasado por encima de nuestro derechos\u201d, lanz\u00f3 una de las mujeres.<\/p>\n<p class=\"nota-justify\">Minutos m\u00e1s tarde retomaron el bloqueo con el apoyo de estudiantes de la normal rural Mactumatz\u00e1.<\/p>\n<p class=\"nota-justify\">\u201cLa Fiscal\u00eda General del Estado no puede hablar de puertas abiertas mientras mantiene cerrada la justicia. Las madres seguiremos firmes, resistiendo y denunciando, porque nuestra lucha no busca protagonismo, busca respuestas\u201d, lanzaron.<\/p>\n","protected":false},"excerpt":{"rendered":"<p>Madres y familiares de personas desaparecidas as\u00ed como v\u00edctimas de feminicidio del colectivo protestaron frente a la sede de la<\/p>\n","protected":false},"author":4,"featured_media":72392,"comment_status":"closed","ping_status":"closed","sticky":false,"template":"","format":"standard","meta":{"colormag_page_container_layout":"default_layout","colormag_page_sidebar_layout":"default_layout","_jetpack_memberships_contains_paid_content":false,"footnotes":"","jetpack_publicize_message":"","jetpack_publicize_feature_enabled":true,"jetpack_social_post_already_shared":true,"jetpack_social_options":{"image_generator_settings":{"template":"highway","default_image_id":0,"font":"","enabled":false},"version":2}},"categories":[30],"tags":[],"class_list":["post-72391","post","type-post","status-publish","format-standard","has-post-thumbnail","hentry","category-estados"],"jetpack_publicize_connections":[],"jetpack_featured_media_url":"https:\/\/i0.wp.com\/politicosaldesnudo.com.mx\/wp-content\/uploads\/2025\/10\/COLTV.jpg?fit=778%2C530&ssl=1","jetpack-related-posts":[],"jetpack_sharing_enabled":true,"_links":{"self":[{"href":"https:\/\/politicosaldesnudo.com.mx\/index.php\/wp-json\/wp\/v2\/posts\/72391","targetHints":{"allow":["GET"]}}],"collection":[{"href":"https:\/\/politicosaldesnudo.com.mx\/index.php\/wp-json\/wp\/v2\/posts"}],"about":[{"href":"https:\/\/politicosaldesnudo.com.mx\/index.php\/wp-json\/wp\/v2\/types\/post"}],"author":[{"embeddable":true,"href":"https:\/\/politicosaldesnudo.com.mx\/index.php\/wp-json\/wp\/v2\/users\/4"}],"replies":[{"embeddable":true,"href":"https:\/\/politicosaldesnudo.com.mx\/index.php\/wp-json\/wp\/v2\/comments?post=72391"}],"version-history":[{"count":0,"href":"https:\/\/politicosaldesnudo.com.mx\/index.php\/wp-json\/wp\/v2\/posts\/72391\/revisions"}],"wp:featuredmedia":[{"embeddable":true,"href":"https:\/\/politicosaldesnudo.com.mx\/index.php\/wp-json\/wp\/v2\/media\/72392"}],"wp:attachment":[{"href":"https:\/\/politicosaldesnudo.com.mx\/index.php\/wp-json\/wp\/v2\/media?parent=72391"}],"wp:term":[{"taxonomy":"category","embeddable":true,"href":"https:\/\/politicosaldesnudo.com.mx\/index.php\/wp-json\/wp\/v2\/categories?post=72391"},{"taxonomy":"post_tag","embeddable":true,"href":"https:\/\/politicosaldesnudo.com.mx\/index.php\/wp-json\/wp\/v2\/tags?post=72391"}],"curies":[{"name":"wp","href":"https:\/\/api.w.org\/{rel}","templated":true}]}}