{"id":72394,"date":"2025-10-08T00:15:46","date_gmt":"2025-10-08T06:15:46","guid":{"rendered":"https:\/\/politicosaldesnudo.com.mx\/?p=72394"},"modified":"2025-10-07T22:27:03","modified_gmt":"2025-10-08T04:27:03","slug":"personal-de-salud-protesta-en-hospitales-de-veracruz","status":"publish","type":"post","link":"https:\/\/politicosaldesnudo.com.mx\/index.php\/2025\/10\/08\/personal-de-salud-protesta-en-hospitales-de-veracruz\/","title":{"rendered":"Personal de salud protesta en hospitales de Veracruz"},"content":{"rendered":"<p class=\"nota-justify\">Integrantes de la Secci\u00f3n 26 del Sindicato Nacional de Trabajadores de la Secretar\u00eda de Salud (SNTSA) se manifestaron en distintos hospitales y centros de salud del estado de Veracruz para denunciar violaciones a los contratos colectivos de trabajo y malas condiciones laborales.<\/p>\n<p class=\"nota-justify\">En el Hospital Regional \u201cLuis F. Nach\u00f3n\u201d de la ciudad de Xalapa, denunciaron que existen varios pendientes de las autoridades hacia los trabajadores, como es el pago de retroactivo al salario y entrega de uniformes.<\/p>\n<p class=\"nota-justify\">Aunado a ello, los inconformes exigieron la salida del actual director Antonio V\u00e1zquez Garc\u00eda, pues le acusan de negarse al di\u00e1logo y no escuchar los reclamos de los trabajadores del sector salud.<\/p>\n<p class=\"nota-justify\">Mar\u00eda Yolanda Gal\u00e1n Luna, comisionada del Sindicato, expres\u00f3 que son varios los municipios en los que se realizan las manifestaciones y a\u00f1adi\u00f3 que la situaci\u00f3n es insostenible ante la falta de di\u00e1logo con las autoridades de salud del estado de Veracruz.<\/p>\n<p class=\"nota-justify\">\u201cEstamos manifestando en C\u00f3rdoba, Orizaba, P\u00e1nuco, en Poza Rica, Mart\u00ednez de le\u00f1a Torre y punto alternos, (\u2026) estamos peleando para que la gente llegue y tenga servicios, y estamos peleando que nuestras trabajadores se nos est\u00e1n infartando que se nos est\u00e1n enfermando\u201d, coment\u00f3.<\/p>\n<p class=\"nota-justify\">A\u00f1adi\u00f3 que se trabaja bajo protesta, pero que la atenci\u00f3n a los pacientes en todos los hospitales de Veracruz se mantiene, pues no se les puede dejar desprotegidos debido al riesgo que podr\u00eda representar.<\/p>\n","protected":false},"excerpt":{"rendered":"<p>Integrantes de la Secci\u00f3n 26 del Sindicato Nacional de Trabajadores de la Secretar\u00eda de Salud (SNTSA) se manifestaron en distintos<\/p>\n","protected":false},"author":4,"featured_media":72395,"comment_status":"closed","ping_status":"closed","sticky":false,"template":"","format":"standard","meta":{"colormag_page_container_layout":"default_layout","colormag_page_sidebar_layout":"default_layout","_jetpack_memberships_contains_paid_content":false,"footnotes":"","jetpack_publicize_message":"","jetpack_publicize_feature_enabled":true,"jetpack_social_post_already_shared":true,"jetpack_social_options":{"image_generator_settings":{"template":"highway","default_image_id":0,"font":"","enabled":false},"version":2}},"categories":[30],"tags":[],"class_list":["post-72394","post","type-post","status-publish","format-standard","has-post-thumbnail","hentry","category-estados"],"jetpack_publicize_connections":[],"jetpack_featured_media_url":"https:\/\/i0.wp.com\/politicosaldesnudo.com.mx\/wp-content\/uploads\/2025\/10\/PROT.jpg?fit=715%2C504&ssl=1","jetpack-related-posts":[],"jetpack_sharing_enabled":true,"_links":{"self":[{"href":"https:\/\/politicosaldesnudo.com.mx\/index.php\/wp-json\/wp\/v2\/posts\/72394","targetHints":{"allow":["GET"]}}],"collection":[{"href":"https:\/\/politicosaldesnudo.com.mx\/index.php\/wp-json\/wp\/v2\/posts"}],"about":[{"href":"https:\/\/politicosaldesnudo.com.mx\/index.php\/wp-json\/wp\/v2\/types\/post"}],"author":[{"embeddable":true,"href":"https:\/\/politicosaldesnudo.com.mx\/index.php\/wp-json\/wp\/v2\/users\/4"}],"replies":[{"embeddable":true,"href":"https:\/\/politicosaldesnudo.com.mx\/index.php\/wp-json\/wp\/v2\/comments?post=72394"}],"version-history":[{"count":0,"href":"https:\/\/politicosaldesnudo.com.mx\/index.php\/wp-json\/wp\/v2\/posts\/72394\/revisions"}],"wp:featuredmedia":[{"embeddable":true,"href":"https:\/\/politicosaldesnudo.com.mx\/index.php\/wp-json\/wp\/v2\/media\/72395"}],"wp:attachment":[{"href":"https:\/\/politicosaldesnudo.com.mx\/index.php\/wp-json\/wp\/v2\/media?parent=72394"}],"wp:term":[{"taxonomy":"category","embeddable":true,"href":"https:\/\/politicosaldesnudo.com.mx\/index.php\/wp-json\/wp\/v2\/categories?post=72394"},{"taxonomy":"post_tag","embeddable":true,"href":"https:\/\/politicosaldesnudo.com.mx\/index.php\/wp-json\/wp\/v2\/tags?post=72394"}],"curies":[{"name":"wp","href":"https:\/\/api.w.org\/{rel}","templated":true}]}}