{"id":72431,"date":"2025-10-08T22:21:03","date_gmt":"2025-10-09T04:21:03","guid":{"rendered":"https:\/\/politicosaldesnudo.com.mx\/?p=72431"},"modified":"2025-10-08T22:21:03","modified_gmt":"2025-10-09T04:21:03","slug":"mas-de-130-fondos-editoriales-participaran-en-la-1a-feria-regional-del-libro-itinerante-en-tuxpan-del-9-al-11-de-octubre","status":"publish","type":"post","link":"https:\/\/politicosaldesnudo.com.mx\/index.php\/2025\/10\/08\/mas-de-130-fondos-editoriales-participaran-en-la-1a-feria-regional-del-libro-itinerante-en-tuxpan-del-9-al-11-de-octubre\/","title":{"rendered":"M\u00e1s de 130 fondos editoriales participar\u00e1n en la 1\u00aa Feria Regional del Libro-Itinerante, en Tuxpan, del 9 al 11 de octubre"},"content":{"rendered":"<p>\u2022 Este evento tendr\u00e1 como sede la Primaria Miguel Lerdo, en calle Genaro Rodr\u00edguez.<\/p>\n<p>Tuxpan, Ver.\u2019.- Del 9 al 11 de octubre se realizar\u00e1 en Tuxpan la 1\u00aa Feria Regional del Libro-Itinerante, teniendo como sede la escuela primaria Miguel Lerdo de Tejada, ubicada en la calle Genaro Rodr\u00edguez N\u00fam. 8 de la Zona Centro, en horario de 10 de la ma\u00f1ana a 7 de la tarde.<\/p>\n<p><img data-recalc-dims=\"1\" loading=\"lazy\" decoding=\"async\" class=\"aligncenter size-large wp-image-72435\" src=\"https:\/\/i0.wp.com\/politicosaldesnudo.com.mx\/wp-content\/uploads\/2025\/10\/WhatsApp-Image-2025-10-08-at-10.19.53-784x1024.jpeg?resize=784%2C1024&#038;ssl=1\" alt=\"\" width=\"784\" height=\"1024\" srcset=\"https:\/\/i0.wp.com\/politicosaldesnudo.com.mx\/wp-content\/uploads\/2025\/10\/WhatsApp-Image-2025-10-08-at-10.19.53.jpeg?resize=784%2C1024&amp;ssl=1 784w, https:\/\/i0.wp.com\/politicosaldesnudo.com.mx\/wp-content\/uploads\/2025\/10\/WhatsApp-Image-2025-10-08-at-10.19.53.jpeg?resize=230%2C300&amp;ssl=1 230w, https:\/\/i0.wp.com\/politicosaldesnudo.com.mx\/wp-content\/uploads\/2025\/10\/WhatsApp-Image-2025-10-08-at-10.19.53.jpeg?resize=768%2C1003&amp;ssl=1 768w, https:\/\/i0.wp.com\/politicosaldesnudo.com.mx\/wp-content\/uploads\/2025\/10\/WhatsApp-Image-2025-10-08-at-10.19.53.jpeg?w=859&amp;ssl=1 859w\" sizes=\"auto, (max-width: 784px) 100vw, 784px\" \/> <img data-recalc-dims=\"1\" loading=\"lazy\" decoding=\"async\" class=\"aligncenter size-large wp-image-72433\" src=\"https:\/\/i0.wp.com\/politicosaldesnudo.com.mx\/wp-content\/uploads\/2025\/10\/WhatsApp-Image-2025-10-08-at-10.19.53-1-815x1024.jpeg?resize=800%2C1005&#038;ssl=1\" alt=\"\" width=\"800\" height=\"1005\" srcset=\"https:\/\/i0.wp.com\/politicosaldesnudo.com.mx\/wp-content\/uploads\/2025\/10\/WhatsApp-Image-2025-10-08-at-10.19.53-1.jpeg?resize=815%2C1024&amp;ssl=1 815w, https:\/\/i0.wp.com\/politicosaldesnudo.com.mx\/wp-content\/uploads\/2025\/10\/WhatsApp-Image-2025-10-08-at-10.19.53-1.jpeg?resize=239%2C300&amp;ssl=1 239w, https:\/\/i0.wp.com\/politicosaldesnudo.com.mx\/wp-content\/uploads\/2025\/10\/WhatsApp-Image-2025-10-08-at-10.19.53-1.jpeg?resize=768%2C964&amp;ssl=1 768w, https:\/\/i0.wp.com\/politicosaldesnudo.com.mx\/wp-content\/uploads\/2025\/10\/WhatsApp-Image-2025-10-08-at-10.19.53-1.jpeg?w=876&amp;ssl=1 876w\" sizes=\"auto, (max-width: 800px) 100vw, 800px\" \/> <img data-recalc-dims=\"1\" loading=\"lazy\" decoding=\"async\" class=\"aligncenter size-large wp-image-72434\" src=\"https:\/\/i0.wp.com\/politicosaldesnudo.com.mx\/wp-content\/uploads\/2025\/10\/WhatsApp-Image-2025-10-08-at-10.19.53-2-815x1024.jpeg?resize=800%2C1005&#038;ssl=1\" alt=\"\" width=\"800\" height=\"1005\" srcset=\"https:\/\/i0.wp.com\/politicosaldesnudo.com.mx\/wp-content\/uploads\/2025\/10\/WhatsApp-Image-2025-10-08-at-10.19.53-2.jpeg?resize=815%2C1024&amp;ssl=1 815w, https:\/\/i0.wp.com\/politicosaldesnudo.com.mx\/wp-content\/uploads\/2025\/10\/WhatsApp-Image-2025-10-08-at-10.19.53-2.jpeg?resize=239%2C300&amp;ssl=1 239w, https:\/\/i0.wp.com\/politicosaldesnudo.com.mx\/wp-content\/uploads\/2025\/10\/WhatsApp-Image-2025-10-08-at-10.19.53-2.jpeg?resize=768%2C964&amp;ssl=1 768w, https:\/\/i0.wp.com\/politicosaldesnudo.com.mx\/wp-content\/uploads\/2025\/10\/WhatsApp-Image-2025-10-08-at-10.19.53-2.jpeg?w=876&amp;ssl=1 876w\" sizes=\"auto, (max-width: 800px) 100vw, 800px\" \/> <img data-recalc-dims=\"1\" loading=\"lazy\" decoding=\"async\" class=\"aligncenter size-large wp-image-72440\" src=\"https:\/\/i0.wp.com\/politicosaldesnudo.com.mx\/wp-content\/uploads\/2025\/10\/WhatsApp-Image-2025-10-08-at-10.19.54-807x1024.jpeg?resize=800%2C1015&#038;ssl=1\" alt=\"\" width=\"800\" height=\"1015\" srcset=\"https:\/\/i0.wp.com\/politicosaldesnudo.com.mx\/wp-content\/uploads\/2025\/10\/WhatsApp-Image-2025-10-08-at-10.19.54.jpeg?resize=807%2C1024&amp;ssl=1 807w, https:\/\/i0.wp.com\/politicosaldesnudo.com.mx\/wp-content\/uploads\/2025\/10\/WhatsApp-Image-2025-10-08-at-10.19.54.jpeg?resize=237%2C300&amp;ssl=1 237w, https:\/\/i0.wp.com\/politicosaldesnudo.com.mx\/wp-content\/uploads\/2025\/10\/WhatsApp-Image-2025-10-08-at-10.19.54.jpeg?resize=768%2C974&amp;ssl=1 768w, https:\/\/i0.wp.com\/politicosaldesnudo.com.mx\/wp-content\/uploads\/2025\/10\/WhatsApp-Image-2025-10-08-at-10.19.54.jpeg?w=876&amp;ssl=1 876w\" sizes=\"auto, (max-width: 800px) 100vw, 800px\" \/><\/p>\n<p>&nbsp;<\/p>\n<p>Esta feria es organizada por el Gobierno del Estado de Veracruz, a trav\u00e9s de la Secretar\u00eda de Cultura (SECVER), con el prop\u00f3sito de acercar la lectura a toda la zona norte de la entidad, y brindar un espacio seguro para la convivencia, aprendizaje y recreaci\u00f3n.<\/p>\n<p>Participar\u00e1n m\u00e1s de 130 fondos editoriales que pondr\u00e1n al alcance del p\u00fablico t\u00edtulos de gran diversidad tem\u00e1tica.<\/p>\n<p><img data-recalc-dims=\"1\" loading=\"lazy\" decoding=\"async\" class=\"aligncenter size-large wp-image-72436\" src=\"https:\/\/i0.wp.com\/politicosaldesnudo.com.mx\/wp-content\/uploads\/2025\/10\/WhatsApp-Image-2025-10-08-at-10.19.54-1-791x1024.jpeg?resize=791%2C1024&#038;ssl=1\" alt=\"\" width=\"791\" height=\"1024\" srcset=\"https:\/\/i0.wp.com\/politicosaldesnudo.com.mx\/wp-content\/uploads\/2025\/10\/WhatsApp-Image-2025-10-08-at-10.19.54-1.jpeg?resize=791%2C1024&amp;ssl=1 791w, https:\/\/i0.wp.com\/politicosaldesnudo.com.mx\/wp-content\/uploads\/2025\/10\/WhatsApp-Image-2025-10-08-at-10.19.54-1.jpeg?resize=232%2C300&amp;ssl=1 232w, https:\/\/i0.wp.com\/politicosaldesnudo.com.mx\/wp-content\/uploads\/2025\/10\/WhatsApp-Image-2025-10-08-at-10.19.54-1.jpeg?resize=768%2C994&amp;ssl=1 768w, https:\/\/i0.wp.com\/politicosaldesnudo.com.mx\/wp-content\/uploads\/2025\/10\/WhatsApp-Image-2025-10-08-at-10.19.54-1.jpeg?w=884&amp;ssl=1 884w\" sizes=\"auto, (max-width: 791px) 100vw, 791px\" \/> <img data-recalc-dims=\"1\" loading=\"lazy\" decoding=\"async\" class=\"aligncenter size-large wp-image-72437\" src=\"https:\/\/i0.wp.com\/politicosaldesnudo.com.mx\/wp-content\/uploads\/2025\/10\/WhatsApp-Image-2025-10-08-at-10.19.54-2-792x1024.jpeg?resize=792%2C1024&#038;ssl=1\" alt=\"\" width=\"792\" height=\"1024\" srcset=\"https:\/\/i0.wp.com\/politicosaldesnudo.com.mx\/wp-content\/uploads\/2025\/10\/WhatsApp-Image-2025-10-08-at-10.19.54-2.jpeg?resize=792%2C1024&amp;ssl=1 792w, https:\/\/i0.wp.com\/politicosaldesnudo.com.mx\/wp-content\/uploads\/2025\/10\/WhatsApp-Image-2025-10-08-at-10.19.54-2.jpeg?resize=232%2C300&amp;ssl=1 232w, https:\/\/i0.wp.com\/politicosaldesnudo.com.mx\/wp-content\/uploads\/2025\/10\/WhatsApp-Image-2025-10-08-at-10.19.54-2.jpeg?resize=768%2C993&amp;ssl=1 768w, https:\/\/i0.wp.com\/politicosaldesnudo.com.mx\/wp-content\/uploads\/2025\/10\/WhatsApp-Image-2025-10-08-at-10.19.54-2.jpeg?w=859&amp;ssl=1 859w\" sizes=\"auto, (max-width: 792px) 100vw, 792px\" \/> <img data-recalc-dims=\"1\" loading=\"lazy\" decoding=\"async\" class=\"aligncenter size-large wp-image-72438\" src=\"https:\/\/i0.wp.com\/politicosaldesnudo.com.mx\/wp-content\/uploads\/2025\/10\/WhatsApp-Image-2025-10-08-at-10.19.54-3-1024x1004.jpeg?resize=800%2C784&#038;ssl=1\" alt=\"\" width=\"800\" height=\"784\" srcset=\"https:\/\/i0.wp.com\/politicosaldesnudo.com.mx\/wp-content\/uploads\/2025\/10\/WhatsApp-Image-2025-10-08-at-10.19.54-3.jpeg?resize=1024%2C1004&amp;ssl=1 1024w, https:\/\/i0.wp.com\/politicosaldesnudo.com.mx\/wp-content\/uploads\/2025\/10\/WhatsApp-Image-2025-10-08-at-10.19.54-3.jpeg?resize=300%2C294&amp;ssl=1 300w, https:\/\/i0.wp.com\/politicosaldesnudo.com.mx\/wp-content\/uploads\/2025\/10\/WhatsApp-Image-2025-10-08-at-10.19.54-3.jpeg?resize=768%2C753&amp;ssl=1 768w, https:\/\/i0.wp.com\/politicosaldesnudo.com.mx\/wp-content\/uploads\/2025\/10\/WhatsApp-Image-2025-10-08-at-10.19.54-3.jpeg?w=1122&amp;ssl=1 1122w\" sizes=\"auto, (max-width: 800px) 100vw, 800px\" \/><\/p>\n<p>Se desarrollar\u00e1 una amplia gama de actividades art\u00edsticas y literarias como narraciones orales, teatro, conciertos, talleres, presentaciones musicales, danza folkl\u00f3rica, presentaciones editoriales, entre otras.<\/p>\n<p>Adem\u00e1s, dentro del programa literario, el s\u00e1bado 11 se contar\u00e1 con la participaci\u00f3n del cronista de la ciudad, Salvador Hern\u00e1ndez Garc\u00eda, con una charla acerca de la monograf\u00eda de Tuxpan: \u201cTuxpan, un d\u00eda como hoy en el Tuxpan del Ayer\u201d.<\/p>\n<p><img data-recalc-dims=\"1\" loading=\"lazy\" decoding=\"async\" class=\"aligncenter size-large wp-image-72444\" src=\"https:\/\/i0.wp.com\/politicosaldesnudo.com.mx\/wp-content\/uploads\/2025\/10\/WhatsApp-Image-2025-10-08-at-10.19.55-799x1024.jpeg?resize=799%2C1024&#038;ssl=1\" alt=\"\" width=\"799\" height=\"1024\" srcset=\"https:\/\/i0.wp.com\/politicosaldesnudo.com.mx\/wp-content\/uploads\/2025\/10\/WhatsApp-Image-2025-10-08-at-10.19.55.jpeg?resize=799%2C1024&amp;ssl=1 799w, https:\/\/i0.wp.com\/politicosaldesnudo.com.mx\/wp-content\/uploads\/2025\/10\/WhatsApp-Image-2025-10-08-at-10.19.55.jpeg?resize=234%2C300&amp;ssl=1 234w, https:\/\/i0.wp.com\/politicosaldesnudo.com.mx\/wp-content\/uploads\/2025\/10\/WhatsApp-Image-2025-10-08-at-10.19.55.jpeg?resize=768%2C984&amp;ssl=1 768w, https:\/\/i0.wp.com\/politicosaldesnudo.com.mx\/wp-content\/uploads\/2025\/10\/WhatsApp-Image-2025-10-08-at-10.19.55.jpeg?w=876&amp;ssl=1 876w\" sizes=\"auto, (max-width: 799px) 100vw, 799px\" \/> <img data-recalc-dims=\"1\" loading=\"lazy\" decoding=\"async\" class=\"aligncenter size-large wp-image-72442\" src=\"https:\/\/i0.wp.com\/politicosaldesnudo.com.mx\/wp-content\/uploads\/2025\/10\/WhatsApp-Image-2025-10-08-at-10.19.55-2-791x1024.jpeg?resize=791%2C1024&#038;ssl=1\" alt=\"\" width=\"791\" height=\"1024\" srcset=\"https:\/\/i0.wp.com\/politicosaldesnudo.com.mx\/wp-content\/uploads\/2025\/10\/WhatsApp-Image-2025-10-08-at-10.19.55-2.jpeg?resize=791%2C1024&amp;ssl=1 791w, https:\/\/i0.wp.com\/politicosaldesnudo.com.mx\/wp-content\/uploads\/2025\/10\/WhatsApp-Image-2025-10-08-at-10.19.55-2.jpeg?resize=232%2C300&amp;ssl=1 232w, https:\/\/i0.wp.com\/politicosaldesnudo.com.mx\/wp-content\/uploads\/2025\/10\/WhatsApp-Image-2025-10-08-at-10.19.55-2.jpeg?resize=768%2C994&amp;ssl=1 768w, https:\/\/i0.wp.com\/politicosaldesnudo.com.mx\/wp-content\/uploads\/2025\/10\/WhatsApp-Image-2025-10-08-at-10.19.55-2.jpeg?resize=1187%2C1536&amp;ssl=1 1187w, https:\/\/i0.wp.com\/politicosaldesnudo.com.mx\/wp-content\/uploads\/2025\/10\/WhatsApp-Image-2025-10-08-at-10.19.55-2.jpeg?w=1236&amp;ssl=1 1236w\" sizes=\"auto, (max-width: 791px) 100vw, 791px\" \/> <img data-recalc-dims=\"1\" loading=\"lazy\" decoding=\"async\" class=\"aligncenter size-large wp-image-72441\" src=\"https:\/\/i0.wp.com\/politicosaldesnudo.com.mx\/wp-content\/uploads\/2025\/10\/WhatsApp-Image-2025-10-08-at-10.19.55-1-779x1024.jpeg?resize=779%2C1024&#038;ssl=1\" alt=\"\" width=\"779\" height=\"1024\" srcset=\"https:\/\/i0.wp.com\/politicosaldesnudo.com.mx\/wp-content\/uploads\/2025\/10\/WhatsApp-Image-2025-10-08-at-10.19.55-1.jpeg?resize=779%2C1024&amp;ssl=1 779w, https:\/\/i0.wp.com\/politicosaldesnudo.com.mx\/wp-content\/uploads\/2025\/10\/WhatsApp-Image-2025-10-08-at-10.19.55-1.jpeg?resize=228%2C300&amp;ssl=1 228w, https:\/\/i0.wp.com\/politicosaldesnudo.com.mx\/wp-content\/uploads\/2025\/10\/WhatsApp-Image-2025-10-08-at-10.19.55-1.jpeg?resize=768%2C1010&amp;ssl=1 768w, https:\/\/i0.wp.com\/politicosaldesnudo.com.mx\/wp-content\/uploads\/2025\/10\/WhatsApp-Image-2025-10-08-at-10.19.55-1.jpeg?w=1029&amp;ssl=1 1029w\" sizes=\"auto, (max-width: 779px) 100vw, 779px\" \/> <img data-recalc-dims=\"1\" loading=\"lazy\" decoding=\"async\" class=\"aligncenter size-large wp-image-72439\" src=\"https:\/\/i0.wp.com\/politicosaldesnudo.com.mx\/wp-content\/uploads\/2025\/10\/WhatsApp-Image-2025-10-08-at-10.19.54-4-799x1024.jpeg?resize=799%2C1024&#038;ssl=1\" alt=\"\" width=\"799\" height=\"1024\" srcset=\"https:\/\/i0.wp.com\/politicosaldesnudo.com.mx\/wp-content\/uploads\/2025\/10\/WhatsApp-Image-2025-10-08-at-10.19.54-4.jpeg?resize=799%2C1024&amp;ssl=1 799w, https:\/\/i0.wp.com\/politicosaldesnudo.com.mx\/wp-content\/uploads\/2025\/10\/WhatsApp-Image-2025-10-08-at-10.19.54-4.jpeg?resize=234%2C300&amp;ssl=1 234w, https:\/\/i0.wp.com\/politicosaldesnudo.com.mx\/wp-content\/uploads\/2025\/10\/WhatsApp-Image-2025-10-08-at-10.19.54-4.jpeg?resize=768%2C984&amp;ssl=1 768w, https:\/\/i0.wp.com\/politicosaldesnudo.com.mx\/wp-content\/uploads\/2025\/10\/WhatsApp-Image-2025-10-08-at-10.19.54-4.jpeg?w=876&amp;ssl=1 876w\" sizes=\"auto, (max-width: 799px) 100vw, 799px\" \/><\/p>\n<p>Con esta feria se apuesta por el fomento a la lectura y la diversidad cultural. Asiste, y celebra la magia de la lectura.<\/p>\n<p>Consulta en las im\u00e1genes los horarios y el programa de actividades.<\/p>\n<p><img data-recalc-dims=\"1\" loading=\"lazy\" decoding=\"async\" class=\"aligncenter size-large wp-image-72443\" src=\"https:\/\/i0.wp.com\/politicosaldesnudo.com.mx\/wp-content\/uploads\/2025\/10\/WhatsApp-Image-2025-10-08-at-10.19.55-3-792x1024.jpeg?resize=792%2C1024&#038;ssl=1\" alt=\"\" width=\"792\" height=\"1024\" srcset=\"https:\/\/i0.wp.com\/politicosaldesnudo.com.mx\/wp-content\/uploads\/2025\/10\/WhatsApp-Image-2025-10-08-at-10.19.55-3.jpeg?resize=792%2C1024&amp;ssl=1 792w, https:\/\/i0.wp.com\/politicosaldesnudo.com.mx\/wp-content\/uploads\/2025\/10\/WhatsApp-Image-2025-10-08-at-10.19.55-3.jpeg?resize=232%2C300&amp;ssl=1 232w, https:\/\/i0.wp.com\/politicosaldesnudo.com.mx\/wp-content\/uploads\/2025\/10\/WhatsApp-Image-2025-10-08-at-10.19.55-3.jpeg?resize=768%2C993&amp;ssl=1 768w, https:\/\/i0.wp.com\/politicosaldesnudo.com.mx\/wp-content\/uploads\/2025\/10\/WhatsApp-Image-2025-10-08-at-10.19.55-3.jpeg?w=944&amp;ssl=1 944w\" sizes=\"auto, (max-width: 792px) 100vw, 792px\" \/><\/p>\n","protected":false},"excerpt":{"rendered":"<p>\u2022 Este evento tendr\u00e1 como sede la Primaria Miguel Lerdo, en calle Genaro Rodr\u00edguez. Tuxpan, Ver.\u2019.- Del 9 al 11<\/p>\n","protected":false},"author":4,"featured_media":72432,"comment_status":"closed","ping_status":"closed","sticky":false,"template":"","format":"standard","meta":{"colormag_page_container_layout":"default_layout","colormag_page_sidebar_layout":"default_layout","_jetpack_memberships_contains_paid_content":false,"footnotes":"","jetpack_publicize_message":"","jetpack_publicize_feature_enabled":true,"jetpack_social_post_already_shared":true,"jetpack_social_options":{"image_generator_settings":{"template":"highway","default_image_id":0,"font":"","enabled":false},"version":2}},"categories":[3205,1082],"tags":[],"class_list":["post-72431","post","type-post","status-publish","format-standard","has-post-thumbnail","hentry","category-gobierno-tuxpan","category-tuxpan"],"jetpack_publicize_connections":[],"jetpack_featured_media_url":"https:\/\/i0.wp.com\/politicosaldesnudo.com.mx\/wp-content\/uploads\/2025\/10\/IMAGEND.jpg?fit=859%2C574&ssl=1","jetpack-related-posts":[],"jetpack_sharing_enabled":true,"_links":{"self":[{"href":"https:\/\/politicosaldesnudo.com.mx\/index.php\/wp-json\/wp\/v2\/posts\/72431","targetHints":{"allow":["GET"]}}],"collection":[{"href":"https:\/\/politicosaldesnudo.com.mx\/index.php\/wp-json\/wp\/v2\/posts"}],"about":[{"href":"https:\/\/politicosaldesnudo.com.mx\/index.php\/wp-json\/wp\/v2\/types\/post"}],"author":[{"embeddable":true,"href":"https:\/\/politicosaldesnudo.com.mx\/index.php\/wp-json\/wp\/v2\/users\/4"}],"replies":[{"embeddable":true,"href":"https:\/\/politicosaldesnudo.com.mx\/index.php\/wp-json\/wp\/v2\/comments?post=72431"}],"version-history":[{"count":0,"href":"https:\/\/politicosaldesnudo.com.mx\/index.php\/wp-json\/wp\/v2\/posts\/72431\/revisions"}],"wp:featuredmedia":[{"embeddable":true,"href":"https:\/\/politicosaldesnudo.com.mx\/index.php\/wp-json\/wp\/v2\/media\/72432"}],"wp:attachment":[{"href":"https:\/\/politicosaldesnudo.com.mx\/index.php\/wp-json\/wp\/v2\/media?parent=72431"}],"wp:term":[{"taxonomy":"category","embeddable":true,"href":"https:\/\/politicosaldesnudo.com.mx\/index.php\/wp-json\/wp\/v2\/categories?post=72431"},{"taxonomy":"post_tag","embeddable":true,"href":"https:\/\/politicosaldesnudo.com.mx\/index.php\/wp-json\/wp\/v2\/tags?post=72431"}],"curies":[{"name":"wp","href":"https:\/\/api.w.org\/{rel}","templated":true}]}}