{"id":72446,"date":"2025-10-09T00:01:06","date_gmt":"2025-10-09T06:01:06","guid":{"rendered":"https:\/\/politicosaldesnudo.com.mx\/?p=72446"},"modified":"2025-10-08T22:54:45","modified_gmt":"2025-10-09T04:54:45","slug":"protesta-personal-del-sector-salud","status":"publish","type":"post","link":"https:\/\/politicosaldesnudo.com.mx\/index.php\/2025\/10\/09\/protesta-personal-del-sector-salud\/","title":{"rendered":"Protesta personal del Sector Salud"},"content":{"rendered":"<p>Personal m\u00e9dico, de enfermer\u00eda y trabajadores administrativos adscritos a la Jurisdicci\u00f3n Sanitaria N\u00famero 2 con sede en Tuxpan realizaron el martes una manifestaci\u00f3n pac\u00edfica afuera del Hospital \u201cEmilio Alc\u00e1zar\u201d, en demanda del cumplimiento de diversas prestaciones laborales que, aseguran, el Gobierno del Estado ha venido postergando desde inicios del a\u00f1o.<\/p>\n<p>De acuerdo con declaraciones del licenciado Jos\u00e9 Luis Iglesias Badillo, delegado sindical de la subsecci\u00f3n 7 del Sindicato Nacional de Trabajadores de la Secretar\u00eda de Salud (SNTSA) en Tuxpan, el principal reclamo radica en el retraso del pago por concepto de riesgo de trabajo, una compensaci\u00f3n econ\u00f3mica dirigida al personal que realiza funciones de atenci\u00f3n directa a los usuarios. Precis\u00f3 que son alrededor de 225 trabajadores los que integran la plantilla de la jurisdicci\u00f3n, de los cuales m\u00e1s de 90 participaron activamente en la manifestaci\u00f3n registrada la ma\u00f1ana del martes.<\/p>\n<p>El representante sindical explic\u00f3 que el adeudo se arrastra desde principios de 2025, y que, pese a los m\u00faltiples acercamientos con autoridades del sector salud, no ha habido avances significativos. \u201cNos informaron que no se han instalado las mesas de trabajo necesarias para autorizar los pagos, argumentando que no se ha cubierto el personal que se jubil\u00f3 y, por tanto, no pueden sesionar\u201d, detall\u00f3.<\/p>\n","protected":false},"excerpt":{"rendered":"<p>Personal m\u00e9dico, de enfermer\u00eda y trabajadores administrativos adscritos a la Jurisdicci\u00f3n Sanitaria N\u00famero 2 con sede en Tuxpan realizaron el<\/p>\n","protected":false},"author":4,"featured_media":72447,"comment_status":"closed","ping_status":"closed","sticky":false,"template":"","format":"standard","meta":{"colormag_page_container_layout":"default_layout","colormag_page_sidebar_layout":"default_layout","_jetpack_memberships_contains_paid_content":false,"footnotes":"","jetpack_publicize_message":"","jetpack_publicize_feature_enabled":true,"jetpack_social_post_already_shared":true,"jetpack_social_options":{"image_generator_settings":{"template":"highway","default_image_id":0,"font":"","enabled":false},"version":2}},"categories":[1082],"tags":[],"class_list":["post-72446","post","type-post","status-publish","format-standard","has-post-thumbnail","hentry","category-tuxpan"],"jetpack_publicize_connections":[],"jetpack_featured_media_url":"https:\/\/i0.wp.com\/politicosaldesnudo.com.mx\/wp-content\/uploads\/2025\/10\/PERSO.jpg?fit=1200%2C675&ssl=1","jetpack-related-posts":[],"jetpack_sharing_enabled":true,"_links":{"self":[{"href":"https:\/\/politicosaldesnudo.com.mx\/index.php\/wp-json\/wp\/v2\/posts\/72446","targetHints":{"allow":["GET"]}}],"collection":[{"href":"https:\/\/politicosaldesnudo.com.mx\/index.php\/wp-json\/wp\/v2\/posts"}],"about":[{"href":"https:\/\/politicosaldesnudo.com.mx\/index.php\/wp-json\/wp\/v2\/types\/post"}],"author":[{"embeddable":true,"href":"https:\/\/politicosaldesnudo.com.mx\/index.php\/wp-json\/wp\/v2\/users\/4"}],"replies":[{"embeddable":true,"href":"https:\/\/politicosaldesnudo.com.mx\/index.php\/wp-json\/wp\/v2\/comments?post=72446"}],"version-history":[{"count":0,"href":"https:\/\/politicosaldesnudo.com.mx\/index.php\/wp-json\/wp\/v2\/posts\/72446\/revisions"}],"wp:featuredmedia":[{"embeddable":true,"href":"https:\/\/politicosaldesnudo.com.mx\/index.php\/wp-json\/wp\/v2\/media\/72447"}],"wp:attachment":[{"href":"https:\/\/politicosaldesnudo.com.mx\/index.php\/wp-json\/wp\/v2\/media?parent=72446"}],"wp:term":[{"taxonomy":"category","embeddable":true,"href":"https:\/\/politicosaldesnudo.com.mx\/index.php\/wp-json\/wp\/v2\/categories?post=72446"},{"taxonomy":"post_tag","embeddable":true,"href":"https:\/\/politicosaldesnudo.com.mx\/index.php\/wp-json\/wp\/v2\/tags?post=72446"}],"curies":[{"name":"wp","href":"https:\/\/api.w.org\/{rel}","templated":true}]}}