{"id":7246,"date":"2022-07-04T01:22:49","date_gmt":"2022-07-04T06:22:49","guid":{"rendered":"https:\/\/politicosaldesnudo.com.mx\/?p=7246"},"modified":"2022-07-04T01:23:40","modified_gmt":"2022-07-04T06:23:40","slug":"nace-alternativa-electoral","status":"publish","type":"post","link":"https:\/\/politicosaldesnudo.com.mx\/index.php\/2022\/07\/04\/nace-alternativa-electoral\/","title":{"rendered":"Nace alternativa electoral"},"content":{"rendered":"<p>&nbsp;<\/p>\n<p class=\"p1\"><span style=\"font-size: 18pt;\"><b>Por \u00c1ngel \u00c1lvaro Pe\u00f1a<\/b><\/span><\/p>\n<p class=\"p1\"><span style=\"font-size: 18pt;\"><strong>Cuando parec\u00eda que nada nuevo surg\u00eda en el panorama pol\u00edtico del pa\u00eds surge un nuevo frente pol\u00edtico para competir en las elecciones de 2024, llamado Agenda Popular Independiente, encabezado por Pedro Pablo de Antu\u00f1ano, donde confluyen colectivos, l\u00edderes sociales, sindicatos y ciudadanos, as\u00ed como integrantes de viejas asociaciones y, principalmente, de los partidos Fuerza Por M\u00e9xico y Redes Sociales Progresistas, \u00e9ste patrocinado por la maestra Elba Esther Gordillo, quien no quiere quedarse fuera de la vida pol\u00edtica del pa\u00eds.<\/strong><\/span><br \/>\n<span style=\"font-size: 18pt;\"><strong>En su primera reuni\u00f3n p\u00fablica dieron a conocer que trabajan por diferentes objetivos tales como la pobreza y la desigualdad y busca competir en las pr\u00f3ximas elecciones estatales y federales.<\/strong><\/span><\/p>\n<p class=\"p1\"><span style=\"font-size: 14pt;\">Lo anterior con el objetivo de hacer frente a \u00ablas crisis de participaci\u00f3n y representaci\u00f3n que enfrentan los partidos pol\u00edticos\u00bb, as\u00ed como para presentar propuestas \u00abque brinden soluciones y resultados palpables para la gente\u00bb, destac\u00f3\u00a0Pedro Pablo de Antu\u00f1ano, Coordinador General de dicha Organizaci\u00f3n, y quien fiera operador pol\u00edtico de Ricardo Monreal sobre todo cuando era alcalde de Cuauht\u00e9moc.<\/span><\/p>\n<p>&nbsp;<\/p>\n<p class=\"p1\"><img data-recalc-dims=\"1\" loading=\"lazy\" decoding=\"async\" class=\"wp-image-7247 size-large\" src=\"https:\/\/i0.wp.com\/politicosaldesnudo.com.mx\/wp-content\/uploads\/2022\/07\/pedro-pablo-de-antunano-2-1024x681.jpeg?resize=800%2C532&#038;ssl=1\" alt=\"\" width=\"800\" height=\"532\" srcset=\"https:\/\/i0.wp.com\/politicosaldesnudo.com.mx\/wp-content\/uploads\/2022\/07\/pedro-pablo-de-antunano-2-scaled.jpeg?resize=1024%2C681&amp;ssl=1 1024w, https:\/\/i0.wp.com\/politicosaldesnudo.com.mx\/wp-content\/uploads\/2022\/07\/pedro-pablo-de-antunano-2-scaled.jpeg?resize=300%2C200&amp;ssl=1 300w, https:\/\/i0.wp.com\/politicosaldesnudo.com.mx\/wp-content\/uploads\/2022\/07\/pedro-pablo-de-antunano-2-scaled.jpeg?resize=768%2C511&amp;ssl=1 768w, https:\/\/i0.wp.com\/politicosaldesnudo.com.mx\/wp-content\/uploads\/2022\/07\/pedro-pablo-de-antunano-2-scaled.jpeg?resize=1536%2C1022&amp;ssl=1 1536w, https:\/\/i0.wp.com\/politicosaldesnudo.com.mx\/wp-content\/uploads\/2022\/07\/pedro-pablo-de-antunano-2-scaled.jpeg?resize=2048%2C1363&amp;ssl=1 2048w, https:\/\/i0.wp.com\/politicosaldesnudo.com.mx\/wp-content\/uploads\/2022\/07\/pedro-pablo-de-antunano-2-scaled.jpeg?w=1600&amp;ssl=1 1600w, https:\/\/i0.wp.com\/politicosaldesnudo.com.mx\/wp-content\/uploads\/2022\/07\/pedro-pablo-de-antunano-2-scaled.jpeg?w=2400&amp;ssl=1 2400w\" sizes=\"auto, (max-width: 800px) 100vw, 800px\" \/><\/p>\n<p>&nbsp;<\/p>\n<p class=\"p1\"><span style=\"font-size: 14pt;\">Informan que la ideolog\u00eda del grupo la pluralidad, que har\u00e1 frente a la polarizaci\u00f3n de ideolog\u00edas de izquierda y derecha, que, seg\u00fan ellos, \u00abes el principal obst\u00e1culo para el desarrollo del pa\u00eds, porque no permite avanzar en ninguna materia\u00bb.<\/span><\/p>\n<p class=\"p1\"><span style=\"font-size: 18pt;\"><strong>De Antu\u00f1ano critic\u00f3 que actualmente la discusi\u00f3n pol\u00edtica se limita al perfil de personas se van a postular, sostuvo que nadie discute los problemas que hay en el pa\u00eds no la manera de resolverlos. Porque es una vieja costumbre entre candidatos ponderar los defectos del contrincante y no presentar propuestas.<\/strong><\/span><\/p>\n<p class=\"p1\"><span style=\"font-size: 14pt;\">Anunciaron que en los pr\u00f3ximos d\u00edas se presentar\u00e1n 13 propuestas iniciales que tienen que ver con desarrollo econ\u00f3mico, empleo, protecci\u00f3n a la infancia, educaci\u00f3n, cultura, deporte, reformar el sistema penitenciario.\u00a0<\/span><\/p>\n<blockquote>\n<p class=\"p1\"><span style=\"font-size: 14pt;\">Vamos a presentar una Agenda P\u00fablica seria en las elecciones de 2024 y una estructura electoral competitiva. No vamos a caer en el juego de calificar o descalificar aspirantes o personajes, pues lo importante es ya dar soluciones, resultados y respuestas a la ciudadan\u00eda en varias tem\u00e1ticas urgentes\u201d, apunt\u00f3 Antu\u00f1ano.<\/span><\/p>\n<\/blockquote>\n<p class=\"p1\"><span style=\"font-size: 14pt;\">Ya se designaron coordinadores en las 32 entidades federativas del pa\u00eds, as\u00ed como enlaces tem\u00e1ticos que tendr\u00e1n como tarea integrar una red de dos mil promotores voluntarios, cuya funci\u00f3n ser\u00e1 recabar 2 millones de firmas para obtener las candidaturas independientes; sin embargo, se sabe que por esa v\u00eda nada pueden obtener y la agenda tiene la necesidad de montarse en un partido que tenga registro, ya que los tiempos para crear nuevos partidos pol\u00edticos pasaron hace mucho tiempo.<\/span><\/p>\n<p>&nbsp;<\/p>\n<p class=\"p1\"><span style=\"font-size: 18pt;\"><b>LAS DOS OPCIONES<\/b><\/span><\/p>\n<p class=\"p1\"><span style=\"font-size: 14pt;\">La organizaci\u00f3n tiene dos opciones para asociarse con las dos fuerzas opositoras, la primera darle solidez a una alianza opositora que se tambalea entre la indecisi\u00f3n y las derrotas electorales y la otra ser aceptados por Movimiento Ciudadano, donde su l\u00edder moral, Dante delgado, ha insistido en competir solo en cuesti\u00f3n de elecciones. Se neg\u00f3 hasta el cansancio de participar con la alianza que conforman PRI, PAN y PRD, y seguramente tendr\u00e1 otra manera de percibir a este nuevo grupo, donde sin duda est\u00e1 presente Ricardo Monreal, con quien tiene una excelente relaci\u00f3n.<\/span><\/p>\n<p class=\"p1\"><span style=\"font-size: 18pt;\"><strong>Pedro Pablo de Antu\u00f1ano Padilla fue exonerado ante las acusaciones por la posesi\u00f3n de 600 mil pesos durante la administraci\u00f3n de Monreal en la alcald\u00eda de Cuauht\u00e9moc, en la ciudad de M\u00e9xico.\u00a0El Tribunal Colegiado en Materia Administrativa de Primer Circuito emiti\u00f3 sentencia definitiva en donde ordena al Tribunal de Justicia Administrativa de la Ciudad de M\u00e9xico revoque el intento de inhabilitarlo en el ejercicio de la Funci\u00f3n P\u00fablica y emita una nueva resoluci\u00f3n en la que se aclare que el Servidor P\u00fablico, no cometi\u00f3 falta alguna, como pretend\u00eda acusarlo la administraci\u00f3n de y se pretendi\u00f3 sancionarlo sin fundamento legal en el episodio de los 600 mil pesos. La copia de dicha notificaci\u00f3n, en poder de este diario, pone en evidencia el intento fallido de la Contralor\u00eda General de la administraci\u00f3n de Miguel \u00c1ngel Mancera contra el operador pol\u00edtico de Ricardo Monreal.<\/strong><\/span><\/p>\n<p class=\"p1\"><span style=\"font-size: 14pt;\">De Antu\u00f1ano fungi\u00f3 como Director General del Injuve, cuando L\u00f3pez Obrador se desempe\u00f1aba como jefe de Gobierno del entonces Distrito Federal. Posteriormente fue titular del Indeporte durante la gesti\u00f3n de Marcelo Ebrard, donde tambi\u00e9n acompa\u00f1\u00f3 al doctor Manuel Mondrag\u00f3n y Kalb en la entonces Secretar\u00eda de Seguridad P\u00fablica como Director Ejecutivo de Bienestar del Polic\u00eda. De Antu\u00f1ano Padilla colabor\u00f3 tambi\u00e9n como coordinador general de Enlace en la Secretar\u00eda de Educaci\u00f3n P\u00fablica del gobierno capitalino cuando el titular era Mario Delgado. Al recibir esta notificaci\u00f3n, el tambi\u00e9n ex director general de jur\u00eddico y gobierno en la entonces delegaci\u00f3n Cuauht\u00e9moc, a cargo de Ricardo Monreal, se\u00f1al\u00f3 que ahora lo importante es fortalecer el proceso de transformaci\u00f3n que encabeza el Presidente de la Rep\u00fablica y contribuir desde cada trinchera a concretar el cambio que M\u00e9xico demanda.<\/span><\/p>\n<p class=\"p1\"><span style=\"font-size: 18pt;\"><strong>Lo cierto es que si a alguien le tiene lealtad De Antu\u00f1ano es a Ricardo Monreal, y peste pareciera ya no caber en las alternativas partidistas actuales para lanzar su candidatura a la Presidencia de la Rep\u00fablica. Agot\u00f3 muchas de las instancias, porque s\u00f3lo le falta militar en el PAN o en el Partido Verde.<\/strong><\/span><\/p>\n<p><img data-recalc-dims=\"1\" loading=\"lazy\" decoding=\"async\" class=\"aligncenter wp-image-7248\" src=\"https:\/\/i0.wp.com\/politicosaldesnudo.com.mx\/wp-content\/uploads\/2022\/07\/Ricardo-Monreal-De-Antun%CC%83ano-300x210.jpeg?resize=800%2C561&#038;ssl=1\" alt=\"\" width=\"800\" height=\"561\" srcset=\"https:\/\/i0.wp.com\/politicosaldesnudo.com.mx\/wp-content\/uploads\/2022\/07\/Ricardo-Monreal-De-Antun%CC%83ano.jpeg?resize=300%2C210&amp;ssl=1 300w, https:\/\/i0.wp.com\/politicosaldesnudo.com.mx\/wp-content\/uploads\/2022\/07\/Ricardo-Monreal-De-Antun%CC%83ano.jpeg?resize=130%2C90&amp;ssl=1 130w, https:\/\/i0.wp.com\/politicosaldesnudo.com.mx\/wp-content\/uploads\/2022\/07\/Ricardo-Monreal-De-Antun%CC%83ano.jpeg?w=680&amp;ssl=1 680w\" sizes=\"auto, (max-width: 800px) 100vw, 800px\" \/><\/p>\n<p>&nbsp;<\/p>\n<p class=\"p1\"><span style=\"font-size: 14pt;\">Ahora, el camino debe dirigirse hacia Movimiento Ciudadano donde deber\u00e1 convencer que las piezas electorales con las que quiere jugar Dante Delgado, son eso nada m\u00e1s, piezas de un juego, pero sin solidez y poco arraigo en la sociedad.<\/span><\/p>\n<p class=\"p1\"><span style=\"font-size: 18pt;\"><strong>Monreal y Dante estrecharon lazos pol\u00edticos a partir de la defensa a los ciudadanos acusados de \u201cultrajes a la autoridad\u201d, mejor conocida como \u201cLey Franco\u201d, con la cual se encarcel\u00f3 a enemigos pol\u00edticos. Juntos crearon una comisi\u00f3n en el Senado para que 1,053 veracruzanos fueran liberados, por ser recluidos injustamente. El caso m\u00e1s evidente es el del candidato a diputado federal, Rogelio Franco Cast\u00e1n, quien se encuentra preso en el Cereso de Amatl\u00e1n, Veracruz, desde hace m\u00e1s de un a\u00f1o.<\/strong><\/span><\/p>\n<p class=\"p1\"><span style=\"font-size: 18pt;\"><strong>Monreal allana caminos hacia la candidatura, en Morena no ve claro. Lo incluyen a \u00faltima hora y como para no dejar de incluirlo. En la alianza opositora no cabe, a Movimiento Ciudadano solo no le alcanzan los n\u00fameros, de tal suerte que puede cabalgar con esta Agenda con importantes patrocinios y la gente con la que, en su momento, pudo apoyar a Redes Sociales Progresistas, y Fuerza por M\u00e9xico.<\/strong><\/span><\/p>\n<p class=\"p1\"><span style=\"font-size: 14pt;\">La proximidad de las elecciones presidenciales impulsa grupos pol\u00edticos que deben convertirse en movimientos sociales si quieren trascender.<\/span><\/p>\n<p>&nbsp;<\/p>\n<p class=\"p1\"><span style=\"font-size: 18pt;\"><b>PEGA Y CORRE<\/b><\/span><\/p>\n<p class=\"p1\"><span style=\"font-size: 14pt;\">Para quienes apostaron al petr\u00f3leo hay muy buenas noticias.\u00a0Los precios mundiales romper\u00e1n r\u00e9cord hist\u00f3rico al llegar muy probablemente a los 380 d\u00f3lares por barril si las sanciones de Estados Unidos y Europa incitan a Rusia a infligir recortes en la producci\u00f3n de crudo como represalia, advirtieron analistas de JPMorgan Chase &amp; Co\u2026.<\/span><\/p>\n<p class=\"p1\"><span style=\"font-size: 18pt;\"><strong>Esta columna se publica los lunes, mi\u00e9rcoles y viernes<\/strong><\/span><\/p>\n<p>&nbsp;<\/p>\n<p><span style=\"font-size: 18pt; color: #04bcd9;\"><em><strong>**Las columnas firmadas en este medio son responsabilidad de quienes las firman**<\/strong><\/em><\/span><\/p>\n<p>&nbsp;<\/p>\n<p>&nbsp;<\/p>\n","protected":false},"excerpt":{"rendered":"<p>&nbsp; Por \u00c1ngel \u00c1lvaro Pe\u00f1a Cuando parec\u00eda que nada nuevo surg\u00eda en el panorama pol\u00edtico del pa\u00eds surge un nuevo<\/p>\n","protected":false},"author":4,"featured_media":3775,"comment_status":"closed","ping_status":"closed","sticky":false,"template":"","format":"standard","meta":{"colormag_page_container_layout":"default_layout","colormag_page_sidebar_layout":"default_layout","_jetpack_memberships_contains_paid_content":false,"footnotes":"","jetpack_publicize_message":"","jetpack_publicize_feature_enabled":true,"jetpack_social_post_already_shared":false,"jetpack_social_options":{"image_generator_settings":{"template":"highway","default_image_id":0,"font":"","enabled":false},"version":2}},"categories":[26],"tags":[1055,1056,98],"class_list":["post-7246","post","type-post","status-publish","format-standard","has-post-thumbnail","hentry","category-columnistas","tag-agenda-popular-independiente","tag-pedro-pablo-de-antuano","tag-ricardo-monreal"],"jetpack_publicize_connections":[],"jetpack_featured_media_url":"https:\/\/i0.wp.com\/politicosaldesnudo.com.mx\/wp-content\/uploads\/2022\/04\/A%CC%81NGEL-A%CC%81LVARO-PEN%CC%83A1.png?fit=1816%2C1016&ssl=1","jetpack-related-posts":[],"jetpack_sharing_enabled":true,"_links":{"self":[{"href":"https:\/\/politicosaldesnudo.com.mx\/index.php\/wp-json\/wp\/v2\/posts\/7246","targetHints":{"allow":["GET"]}}],"collection":[{"href":"https:\/\/politicosaldesnudo.com.mx\/index.php\/wp-json\/wp\/v2\/posts"}],"about":[{"href":"https:\/\/politicosaldesnudo.com.mx\/index.php\/wp-json\/wp\/v2\/types\/post"}],"author":[{"embeddable":true,"href":"https:\/\/politicosaldesnudo.com.mx\/index.php\/wp-json\/wp\/v2\/users\/4"}],"replies":[{"embeddable":true,"href":"https:\/\/politicosaldesnudo.com.mx\/index.php\/wp-json\/wp\/v2\/comments?post=7246"}],"version-history":[{"count":0,"href":"https:\/\/politicosaldesnudo.com.mx\/index.php\/wp-json\/wp\/v2\/posts\/7246\/revisions"}],"wp:featuredmedia":[{"embeddable":true,"href":"https:\/\/politicosaldesnudo.com.mx\/index.php\/wp-json\/wp\/v2\/media\/3775"}],"wp:attachment":[{"href":"https:\/\/politicosaldesnudo.com.mx\/index.php\/wp-json\/wp\/v2\/media?parent=7246"}],"wp:term":[{"taxonomy":"category","embeddable":true,"href":"https:\/\/politicosaldesnudo.com.mx\/index.php\/wp-json\/wp\/v2\/categories?post=7246"},{"taxonomy":"post_tag","embeddable":true,"href":"https:\/\/politicosaldesnudo.com.mx\/index.php\/wp-json\/wp\/v2\/tags?post=7246"}],"curies":[{"name":"wp","href":"https:\/\/api.w.org\/{rel}","templated":true}]}}