{"id":72490,"date":"2025-10-09T00:15:05","date_gmt":"2025-10-09T06:15:05","guid":{"rendered":"https:\/\/politicosaldesnudo.com.mx\/?p=72490"},"modified":"2025-10-09T00:03:23","modified_gmt":"2025-10-09T06:03:23","slug":"alertan-sobre-formacion-de-ciclon-tropical-frente-a-las-costas-de-guerrero","status":"publish","type":"post","link":"https:\/\/politicosaldesnudo.com.mx\/index.php\/2025\/10\/09\/alertan-sobre-formacion-de-ciclon-tropical-frente-a-las-costas-de-guerrero\/","title":{"rendered":"Alertan sobre formaci\u00f3n de cicl\u00f3n tropical frente a las costas de Guerrero"},"content":{"rendered":"<p class=\"nota-justify\">La Secretar\u00eda de Gesti\u00f3n Integral de Riesgos y Protecci\u00f3n Civil estatal inform\u00f3 que un sistema de baja presi\u00f3n con alto potencial cicl\u00f3nico podr\u00eda avanzar muy cerca de las costas de Guerrero a partir del jueves, favoreciendo lluvias intensas e incluso torrenciales en distintas regiones del estado, por lo que se solicit\u00f3 a todas las dependencias y autoridades locales mantenerse en alerta.<\/p>\n<p class=\"nota-justify\">Se pide a la ciudadan\u00eda extremar precauciones por posibles encharcamientos, deslaves o crecidas de r\u00edos y arroyos.<\/p>\n<p class=\"nota-justify\">En el F\u00f3rum Mundo Imperial, en el bulevar de las Naciones de la zona Diamante, ordenaron la protecci\u00f3n de sus accesos, todos ellos de vidrio, con tapias de madera, luego de los avisos recientes de las autoridades por la probabilidad de lluvias intensas a partir del jueves.<\/p>\n<p class=\"nota-justify\">En tanto que Capitan\u00eda de Puerto orden\u00f3 el cierre la navegaci\u00f3n para embarcaciones menores y pesca ribere\u00f1a a partir de las 6 de la tarde, tanto para la bah\u00eda de Acapulco como de Puerto Marqu\u00e9s, debido a una zona de baja presi\u00f3n ubicada al sureste de la regi\u00f3n del Golfo de Tehuantepec, con 70 por ciento de desarrollo a cicl\u00f3n tropical en las siguientes 48 horas, y 80 por ciento de probabilidad de desarrollo de tres a siete d\u00edas.<\/p>\n<p class=\"nota-justify\">El pron\u00f3stico indica que prevalecer\u00e1n lluvias muy fuertes, de 50 a 70 mil\u00edmetros, con acumulados de 150 mil\u00edmetros, as\u00ed como tormentas el\u00e9ctricas sobre Colima, Michoac\u00e1n, Guerrero, Oaxaca y Chiapas.<\/p>\n<p class=\"nota-justify\">Mientras que la Secretar\u00eda de Educaci\u00f3n Guerrero, inform\u00f3 de la suspensi\u00f3n de actividades acad\u00e9micas en las regiones de Acapulco, Coyuca de Ben\u00edtez, Costa Chica, Costa Grande y Monta\u00f1a, en ambos turnos de planteles p\u00fablicos y privados para este jueves 9 de octubre.<\/p>\n<p class=\"nota-justify\">A las 6 de la tarde,\u00a0la Coordinaci\u00f3n General de Protecci\u00f3n Civil municipal inform\u00f3 que la zona de baja presi\u00f3n en vigilancia se ubicaba a 110 kil\u00f3metros de Puerto Escondido, Oaxaca, con desplazamiento sobre costas del Pac\u00edfico Mexicano, lo que podr\u00eda originar lluvias desde la noche del mi\u00e9rcoles.<\/p>\n","protected":false},"excerpt":{"rendered":"<p>La Secretar\u00eda de Gesti\u00f3n Integral de Riesgos y Protecci\u00f3n Civil estatal inform\u00f3 que un sistema de baja presi\u00f3n con alto<\/p>\n","protected":false},"author":4,"featured_media":72491,"comment_status":"closed","ping_status":"closed","sticky":false,"template":"","format":"standard","meta":{"colormag_page_container_layout":"default_layout","colormag_page_sidebar_layout":"default_layout","_jetpack_memberships_contains_paid_content":false,"footnotes":"","jetpack_publicize_message":"","jetpack_publicize_feature_enabled":true,"jetpack_social_post_already_shared":true,"jetpack_social_options":{"image_generator_settings":{"template":"highway","default_image_id":0,"font":"","enabled":false},"version":2}},"categories":[30],"tags":[],"class_list":["post-72490","post","type-post","status-publish","format-standard","has-post-thumbnail","hentry","category-estados"],"jetpack_publicize_connections":[],"jetpack_featured_media_url":"https:\/\/i0.wp.com\/politicosaldesnudo.com.mx\/wp-content\/uploads\/2025\/10\/CIC.jpg?fit=755%2C416&ssl=1","jetpack-related-posts":[],"jetpack_sharing_enabled":true,"_links":{"self":[{"href":"https:\/\/politicosaldesnudo.com.mx\/index.php\/wp-json\/wp\/v2\/posts\/72490","targetHints":{"allow":["GET"]}}],"collection":[{"href":"https:\/\/politicosaldesnudo.com.mx\/index.php\/wp-json\/wp\/v2\/posts"}],"about":[{"href":"https:\/\/politicosaldesnudo.com.mx\/index.php\/wp-json\/wp\/v2\/types\/post"}],"author":[{"embeddable":true,"href":"https:\/\/politicosaldesnudo.com.mx\/index.php\/wp-json\/wp\/v2\/users\/4"}],"replies":[{"embeddable":true,"href":"https:\/\/politicosaldesnudo.com.mx\/index.php\/wp-json\/wp\/v2\/comments?post=72490"}],"version-history":[{"count":0,"href":"https:\/\/politicosaldesnudo.com.mx\/index.php\/wp-json\/wp\/v2\/posts\/72490\/revisions"}],"wp:featuredmedia":[{"embeddable":true,"href":"https:\/\/politicosaldesnudo.com.mx\/index.php\/wp-json\/wp\/v2\/media\/72491"}],"wp:attachment":[{"href":"https:\/\/politicosaldesnudo.com.mx\/index.php\/wp-json\/wp\/v2\/media?parent=72490"}],"wp:term":[{"taxonomy":"category","embeddable":true,"href":"https:\/\/politicosaldesnudo.com.mx\/index.php\/wp-json\/wp\/v2\/categories?post=72490"},{"taxonomy":"post_tag","embeddable":true,"href":"https:\/\/politicosaldesnudo.com.mx\/index.php\/wp-json\/wp\/v2\/tags?post=72490"}],"curies":[{"name":"wp","href":"https:\/\/api.w.org\/{rel}","templated":true}]}}