{"id":72493,"date":"2025-10-09T00:16:51","date_gmt":"2025-10-09T06:16:51","guid":{"rendered":"https:\/\/politicosaldesnudo.com.mx\/?p=72493"},"modified":"2025-10-09T00:06:02","modified_gmt":"2025-10-09T06:06:02","slug":"tamaulipas-sequia-extrema-mantiene-presa-la-amistad-en-nivel-critico","status":"publish","type":"post","link":"https:\/\/politicosaldesnudo.com.mx\/index.php\/2025\/10\/09\/tamaulipas-sequia-extrema-mantiene-presa-la-amistad-en-nivel-critico\/","title":{"rendered":"Tamaulipas: sequ\u00eda extrema mantiene presa La Amistad en nivel cr\u00edtico"},"content":{"rendered":"<p>La\u00a0sequ\u00eda\u00a0extrema contin\u00faa afectando a la regi\u00f3n de Nuevo Laredo y la zona norte de Tamaulipas, a pesar de las lluvias registradas durante las \u00faltimas semanas, inform\u00f3 la Comisi\u00f3n Internacional de L\u00edmites y Aguas (CILA).<\/p>\n<p>De acuerdo con el organismo, la presa La Amistad se mantiene apenas al 25% de su capacidad total, un nivel que, aunque superior al registrado el a\u00f1o pasado, sigue siendo cr\u00edtico. Las recientes precipitaciones de agosto y septiembre solo lograron un incremento de 3.5 puntos porcentuales, al pasar del 21.5% al nivel actual.<\/p>\n<p>Ram\u00f3n Meza, representante de la CILA en Nuevo Laredo, explic\u00f3 que el aumento es insuficiente para revertir la\u00a0sequ\u00eda\u00a0prolongada. \u201cAunque hubo incremento, seguimos con un almacenamiento bajo. En 2023 llegamos al 19%, hoy tenemos 25%, pero se requiere una tormenta o hurac\u00e1n que impacte directamente en la regi\u00f3n para elevar realmente los niveles de captaci\u00f3n\u201d, se\u00f1al\u00f3.<\/p>\n<p>La dependencia advirti\u00f3 que las presas mantienen mayor salida que entrada de agua, lo que representa un riesgo latente para el abasto futuro, sobre todo si no se presentan lluvias significativas antes de que concluya la temporada de huracanes, en noviembre.<\/p>\n<p>Pese a ello, Meza asegur\u00f3 que el abasto de agua para uso urbano y agr\u00edcola est\u00e1 garantizado por ahora, aunque insisti\u00f3 en la necesidad urgente de m\u00e1s precipitaciones que permitan una recuperaci\u00f3n sostenible en los niveles de almacenamiento de las principales presas de la regi\u00f3n.<\/p>\n","protected":false},"excerpt":{"rendered":"<p>La\u00a0sequ\u00eda\u00a0extrema contin\u00faa afectando a la regi\u00f3n de Nuevo Laredo y la zona norte de Tamaulipas, a pesar de las lluvias<\/p>\n","protected":false},"author":4,"featured_media":72494,"comment_status":"closed","ping_status":"closed","sticky":false,"template":"","format":"standard","meta":{"colormag_page_container_layout":"default_layout","colormag_page_sidebar_layout":"default_layout","_jetpack_memberships_contains_paid_content":false,"footnotes":"","jetpack_publicize_message":"","jetpack_publicize_feature_enabled":true,"jetpack_social_post_already_shared":true,"jetpack_social_options":{"image_generator_settings":{"template":"highway","default_image_id":0,"font":"","enabled":false},"version":2}},"categories":[30],"tags":[],"class_list":["post-72493","post","type-post","status-publish","format-standard","has-post-thumbnail","hentry","category-estados"],"jetpack_publicize_connections":[],"jetpack_featured_media_url":"https:\/\/i0.wp.com\/politicosaldesnudo.com.mx\/wp-content\/uploads\/2025\/10\/coahuila-trasladara-agua-presa-amistad.jpg?fit=1200%2C747&ssl=1","jetpack-related-posts":[],"jetpack_sharing_enabled":true,"_links":{"self":[{"href":"https:\/\/politicosaldesnudo.com.mx\/index.php\/wp-json\/wp\/v2\/posts\/72493","targetHints":{"allow":["GET"]}}],"collection":[{"href":"https:\/\/politicosaldesnudo.com.mx\/index.php\/wp-json\/wp\/v2\/posts"}],"about":[{"href":"https:\/\/politicosaldesnudo.com.mx\/index.php\/wp-json\/wp\/v2\/types\/post"}],"author":[{"embeddable":true,"href":"https:\/\/politicosaldesnudo.com.mx\/index.php\/wp-json\/wp\/v2\/users\/4"}],"replies":[{"embeddable":true,"href":"https:\/\/politicosaldesnudo.com.mx\/index.php\/wp-json\/wp\/v2\/comments?post=72493"}],"version-history":[{"count":0,"href":"https:\/\/politicosaldesnudo.com.mx\/index.php\/wp-json\/wp\/v2\/posts\/72493\/revisions"}],"wp:featuredmedia":[{"embeddable":true,"href":"https:\/\/politicosaldesnudo.com.mx\/index.php\/wp-json\/wp\/v2\/media\/72494"}],"wp:attachment":[{"href":"https:\/\/politicosaldesnudo.com.mx\/index.php\/wp-json\/wp\/v2\/media?parent=72493"}],"wp:term":[{"taxonomy":"category","embeddable":true,"href":"https:\/\/politicosaldesnudo.com.mx\/index.php\/wp-json\/wp\/v2\/categories?post=72493"},{"taxonomy":"post_tag","embeddable":true,"href":"https:\/\/politicosaldesnudo.com.mx\/index.php\/wp-json\/wp\/v2\/tags?post=72493"}],"curies":[{"name":"wp","href":"https:\/\/api.w.org\/{rel}","templated":true}]}}