{"id":72496,"date":"2025-10-09T00:17:46","date_gmt":"2025-10-09T06:17:46","guid":{"rendered":"https:\/\/politicosaldesnudo.com.mx\/?p=72496"},"modified":"2025-10-09T00:07:49","modified_gmt":"2025-10-09T06:07:49","slug":"reporta-unicef-unos-680-mil-ninos-forzados-a-huir-por-la-violencia-en-haiti","status":"publish","type":"post","link":"https:\/\/politicosaldesnudo.com.mx\/index.php\/2025\/10\/09\/reporta-unicef-unos-680-mil-ninos-forzados-a-huir-por-la-violencia-en-haiti\/","title":{"rendered":"Reporta Unicef unos 680 mil ni\u00f1os forzados a huir por la violencia en Hait\u00ed"},"content":{"rendered":"<p class=\"nota-justify\">El Fondo de Naciones Unidas para la Infancia (Unicef) cifr\u00f3 en un informe este mi\u00e9rcoles a 680 mil el n\u00famero de menores forzados a desplazarse en lo que va de a\u00f1o por la \u00abviolencia fuera de control\u00bb que impera en Hait\u00ed, sumido en \u00abuna crisis a\u00fan m\u00e1s profunda\u00bb con el colapso de servicios b\u00e1sicos y la falta de acceso a ayuda humanitaria.<\/p>\n<p class=\"nota-justify\">Ania (nombre ficticio), de 15 a\u00f1os, fue violada cuando iba en busca de agua, una de muchos infantes desplazados por la violencia de las bandas criminales, donde cada d\u00eda es sin\u00f3nimo de \u00ablucha por la supervivencia\u00bb. \u00abHan pasado muchas cosas en mi vida. Si no fuera valiente, no estar\u00eda aqu\u00ed\u00bb, cont\u00f3 Ania a la agencia para la infancia de la ONU.<\/p>\n<p class=\"nota-justify\">El suyo no es un caso aislado. En Hait\u00ed \u00ablos ni\u00f1os no son v\u00edctimas colaterales. Son objetivo directo\u00bb de las bandas, alert\u00f3. \u00abHait\u00ed est\u00e1 al borde del colapso\u00bb, declar\u00f3 a la AFP Roberto Benes, director de la agencia para Am\u00e9rica Latina y el Caribe: \u00abNo podemos permitir que esta generaci\u00f3n sea olvidada\u00bb, a\u00f1adi\u00f3 preocupado porque otras crisis en el planeta invisibilizan la situaci\u00f3n del pa\u00eds.<\/p>\n<p class=\"nota-justify\">La ONU denunci\u00f3 el a\u00f1o pasado 2 mil 269 delitos graves contra mil 373 ni\u00f1os. De este total, 213 fueron asesinados, 138 resultaron heridos, 566 fueron v\u00edctimas de violencia sexual (incluidas 406 violaciones y 160 violaciones colectivas) y 302 fueron reclutados por bandas.<\/p>\n<p class=\"nota-justify\">En 2025, m\u00e1s de 3.3 millones de ni\u00f1os necesitan ayuda humanitaria, frente a los tres millones del a\u00f1o pasado. Un mill\u00f3n de menores sufren inseguridad alimentaria grave.<\/p>\n","protected":false},"excerpt":{"rendered":"<p>El Fondo de Naciones Unidas para la Infancia (Unicef) cifr\u00f3 en un informe este mi\u00e9rcoles a 680 mil el n\u00famero<\/p>\n","protected":false},"author":4,"featured_media":72497,"comment_status":"closed","ping_status":"closed","sticky":false,"template":"","format":"standard","meta":{"colormag_page_container_layout":"default_layout","colormag_page_sidebar_layout":"default_layout","_jetpack_memberships_contains_paid_content":false,"footnotes":"","jetpack_publicize_message":"","jetpack_publicize_feature_enabled":true,"jetpack_social_post_already_shared":true,"jetpack_social_options":{"image_generator_settings":{"template":"highway","default_image_id":0,"font":"","enabled":false},"version":2}},"categories":[28],"tags":[],"class_list":["post-72496","post","type-post","status-publish","format-standard","has-post-thumbnail","hentry","category-internacional"],"jetpack_publicize_connections":[],"jetpack_featured_media_url":"https:\/\/i0.wp.com\/politicosaldesnudo.com.mx\/wp-content\/uploads\/2025\/10\/HAI.jpg?fit=746%2C498&ssl=1","jetpack-related-posts":[],"jetpack_sharing_enabled":true,"_links":{"self":[{"href":"https:\/\/politicosaldesnudo.com.mx\/index.php\/wp-json\/wp\/v2\/posts\/72496","targetHints":{"allow":["GET"]}}],"collection":[{"href":"https:\/\/politicosaldesnudo.com.mx\/index.php\/wp-json\/wp\/v2\/posts"}],"about":[{"href":"https:\/\/politicosaldesnudo.com.mx\/index.php\/wp-json\/wp\/v2\/types\/post"}],"author":[{"embeddable":true,"href":"https:\/\/politicosaldesnudo.com.mx\/index.php\/wp-json\/wp\/v2\/users\/4"}],"replies":[{"embeddable":true,"href":"https:\/\/politicosaldesnudo.com.mx\/index.php\/wp-json\/wp\/v2\/comments?post=72496"}],"version-history":[{"count":0,"href":"https:\/\/politicosaldesnudo.com.mx\/index.php\/wp-json\/wp\/v2\/posts\/72496\/revisions"}],"wp:featuredmedia":[{"embeddable":true,"href":"https:\/\/politicosaldesnudo.com.mx\/index.php\/wp-json\/wp\/v2\/media\/72497"}],"wp:attachment":[{"href":"https:\/\/politicosaldesnudo.com.mx\/index.php\/wp-json\/wp\/v2\/media?parent=72496"}],"wp:term":[{"taxonomy":"category","embeddable":true,"href":"https:\/\/politicosaldesnudo.com.mx\/index.php\/wp-json\/wp\/v2\/categories?post=72496"},{"taxonomy":"post_tag","embeddable":true,"href":"https:\/\/politicosaldesnudo.com.mx\/index.php\/wp-json\/wp\/v2\/tags?post=72496"}],"curies":[{"name":"wp","href":"https:\/\/api.w.org\/{rel}","templated":true}]}}