{"id":72499,"date":"2025-10-09T00:18:27","date_gmt":"2025-10-09T06:18:27","guid":{"rendered":"https:\/\/politicosaldesnudo.com.mx\/?p=72499"},"modified":"2025-10-09T00:09:26","modified_gmt":"2025-10-09T06:09:26","slug":"trump-y-netanyahu-se-felicitan-por-firma-del-acuerdo-de-paz-con-hamas","status":"publish","type":"post","link":"https:\/\/politicosaldesnudo.com.mx\/index.php\/2025\/10\/09\/trump-y-netanyahu-se-felicitan-por-firma-del-acuerdo-de-paz-con-hamas\/","title":{"rendered":"Trump y Netanyahu se felicitan por firma del acuerdo de paz con Hamas"},"content":{"rendered":"<p class=\"nota-justify\">El primer ministro israel\u00ed, Benjamin Netanyahu, mantuvo una llamada telef\u00f3nica \u00abemotiva y c\u00e1lida\u00bb con el presidente estadunidense Donald Trump despu\u00e9s de que Hamas aceptar\u00f3 la fase de liberaci\u00f3n de rehenes del acuerdo del magnate para poner fin a la guerra en Gaza. La oficina del premier a\u00f1adi\u00f3 que Netanyahu invit\u00f3 al l\u00edder estadunidense a dirigirse a la Knesset (parlamento de Israel).<\/p>\n<p class=\"nota-justify\">\u201cAmbos mantuvieron una conversaci\u00f3n muy emotiva y c\u00e1lida, felicit\u00e1ndose mutuamente por el logro hist\u00f3rico de firmar el acuerdo para la liberaci\u00f3n de todos los rehenes\u201d, afirm\u00f3 la oficina de Netanyahu en un comunicado que recogi\u00f3\u00a0<i>The Times of Israel<\/i>.<\/p>\n<p class=\"nota-justify\">Netanyahu \u201cagradeci\u00f3 al presidente Trump por sus esfuerzos y por su liderazgo global, y el presidente Trump elogi\u00f3 al primer ministro por su decidido liderazgo y las acciones que ha tomado\u201d y los dos l\u00edderes\u00a0\u201cacordaron continuar su estrecha cooperaci\u00f3n\u201d, agreg\u00f3 el comunicado.<\/p>\n","protected":false},"excerpt":{"rendered":"<p>El primer ministro israel\u00ed, Benjamin Netanyahu, mantuvo una llamada telef\u00f3nica \u00abemotiva y c\u00e1lida\u00bb con el presidente estadunidense Donald Trump despu\u00e9s<\/p>\n","protected":false},"author":4,"featured_media":72500,"comment_status":"closed","ping_status":"closed","sticky":false,"template":"","format":"standard","meta":{"colormag_page_container_layout":"default_layout","colormag_page_sidebar_layout":"default_layout","_jetpack_memberships_contains_paid_content":false,"footnotes":"","jetpack_publicize_message":"","jetpack_publicize_feature_enabled":true,"jetpack_social_post_already_shared":true,"jetpack_social_options":{"image_generator_settings":{"template":"highway","default_image_id":0,"font":"","enabled":false},"version":2}},"categories":[28],"tags":[],"class_list":["post-72499","post","type-post","status-publish","format-standard","has-post-thumbnail","hentry","category-internacional"],"jetpack_publicize_connections":[],"jetpack_featured_media_url":"https:\/\/i0.wp.com\/politicosaldesnudo.com.mx\/wp-content\/uploads\/2025\/10\/IMBECILES.jpg?fit=752%2C513&ssl=1","jetpack-related-posts":[],"jetpack_sharing_enabled":true,"_links":{"self":[{"href":"https:\/\/politicosaldesnudo.com.mx\/index.php\/wp-json\/wp\/v2\/posts\/72499","targetHints":{"allow":["GET"]}}],"collection":[{"href":"https:\/\/politicosaldesnudo.com.mx\/index.php\/wp-json\/wp\/v2\/posts"}],"about":[{"href":"https:\/\/politicosaldesnudo.com.mx\/index.php\/wp-json\/wp\/v2\/types\/post"}],"author":[{"embeddable":true,"href":"https:\/\/politicosaldesnudo.com.mx\/index.php\/wp-json\/wp\/v2\/users\/4"}],"replies":[{"embeddable":true,"href":"https:\/\/politicosaldesnudo.com.mx\/index.php\/wp-json\/wp\/v2\/comments?post=72499"}],"version-history":[{"count":0,"href":"https:\/\/politicosaldesnudo.com.mx\/index.php\/wp-json\/wp\/v2\/posts\/72499\/revisions"}],"wp:featuredmedia":[{"embeddable":true,"href":"https:\/\/politicosaldesnudo.com.mx\/index.php\/wp-json\/wp\/v2\/media\/72500"}],"wp:attachment":[{"href":"https:\/\/politicosaldesnudo.com.mx\/index.php\/wp-json\/wp\/v2\/media?parent=72499"}],"wp:term":[{"taxonomy":"category","embeddable":true,"href":"https:\/\/politicosaldesnudo.com.mx\/index.php\/wp-json\/wp\/v2\/categories?post=72499"},{"taxonomy":"post_tag","embeddable":true,"href":"https:\/\/politicosaldesnudo.com.mx\/index.php\/wp-json\/wp\/v2\/tags?post=72499"}],"curies":[{"name":"wp","href":"https:\/\/api.w.org\/{rel}","templated":true}]}}