{"id":725,"date":"2021-12-21T18:08:11","date_gmt":"2021-12-22T00:08:11","guid":{"rendered":"https:\/\/politicosaldesnudo.com.mx\/?p=725"},"modified":"2023-04-21T08:36:27","modified_gmt":"2023-04-21T13:36:27","slug":"dudas-panistas-en-aguascalientes","status":"publish","type":"post","link":"https:\/\/politicosaldesnudo.com.mx\/index.php\/2021\/12\/21\/dudas-panistas-en-aguascalientes\/","title":{"rendered":"Dudas panistas en Aguascalientes"},"content":{"rendered":"<h5><span style=\"font-size: 18pt;\">Por Jos\u00e9 P\u00e1ramo Castro<\/span><\/h5>\n<p><span style=\"font-size: 14pt;\"><strong>La encuesta realizada para seleccionar a la candidata del PAN a la gubernatura de Aguascalientes no era necesaria.<\/strong> La designaci\u00f3n ya la hab\u00eda hecho Marko Cort\u00e9s, y todos los panistas en la entidad lo sab\u00edan, creando un gran descontento no s\u00f3lo en las filas del partido en el estado sino a nivel Nacional.<\/span><\/p>\n<p><span style=\"font-size: 14pt;\"><strong>Las decisiones de Marko no han sido las mejores para el PAN en los \u00faltimos a\u00f1os, por lo que la direcci\u00f3n del contador Cort\u00e9s siempre estar\u00e1 llena de dudas como la honorabilidad de Teresa Jim\u00e9nez electa por una encuesta con la que el otro contrincante panista, Antonio Mart\u00edn del Campo,<\/strong> no est\u00e1 de acuerdo, ya que asegura haberse apoyado en otra que le da el triunfo a \u00e9l. Aunque se diga que se resigna y apoyar\u00eda a Jim\u00e9nez en la contienda ya lo esperan en Movimiento Ciudadano con la candidatura a ese mismo cargo.<\/span><\/p>\n<blockquote><p><span style=\"font-size: 14pt;\">Es muy significativa la ausencia de Marko Cort\u00e9s a la hora de ungir a Teresa Jim\u00e9nez, quien fuera designada por Santiago Creel, presidente de Acci\u00f3n Pol\u00edtica de ese partido, y quien ha realizado \u00faltimamente tareas que le corresponden al l\u00edder nacional del partido, rechazado por la mayor\u00eda panista en su reciente reelecci\u00f3n.<\/span><\/p><\/blockquote>\n<p><span style=\"font-size: 14pt;\"><strong>As\u00ed, la candidata del PAN a la gubernatura tendr\u00e1 que luchar con el panismo estatal que sabe de sobra que es imposici\u00f3n de Marko<\/strong>, por lo que el actual gobernador Mart\u00edn Orozco Sandoval, mueve ya las aguas para votar contra Jim\u00e9nez; tambi\u00e9n tendr\u00e1 de enemigo a su contrincante, Antonio Mart\u00edn del Campo, quien, aunque haya prometido operar en favor de su compa\u00f1era, sigue sinti\u00e9ndose con todo el derecho para encabezar la candidatura.<\/span><\/p>\n<p><span style=\"font-size: 14pt;\"><strong>El panismo de Aguascalientes rechaza a Marko Cort\u00e9s, su reelecci\u00f3n, y hacen equipo con el gobernador,<\/strong> pero tambi\u00e9n est\u00e1 contra la candidata designada su trayectoria pol\u00edtica que no es del todo clara, ya que la entonces senadora de Aguascalientes de su partido, ahora militando en Morena,\u00a0Martha M\u00e1rquez, se\u00f1al\u00f3 que Teresa Jim\u00e9nez Esquivel, est\u00e1 involucrada en probables actos de corrupci\u00f3n durante el tiempo que fungi\u00f3 como presidenta municipal de la capital estatal, por desfalco hist\u00f3rico a las arcas, actos de corrupci\u00f3n realizados en las dos administraciones encabezadas por Jim\u00e9nez Esquivel, destacando la compra a sobreprecio por 600 millones de pesos de las luminarias.<\/span><\/p>\n<p><span style=\"font-size: 14pt;\"><strong>Tambi\u00e9n se se\u00f1ala en este caso a la presidenta de la Comisi\u00f3n de Justicia del CEN del PAN Jovita Mor\u00edn quien aparece como socia en la empresa MD Iluminaci\u00f3n, a la cual se le adjudic\u00f3 la compra entre 2017 y 2019.<\/strong><\/span><\/p>\n<p><span style=\"font-size: 14pt;\"><strong>Teresa Jim\u00e9nez y otros funcionarios municipales est\u00e1n se\u00f1alados por probables actos de corrupci\u00f3n en el \u201cProyecto de Modernizaci\u00f3n del Alumbrado P\u00fablico del Municipio de Aguascalientes\u201d y en \u201cEficiencia Energ\u00e9tica del Municipio de Aguascalientes\u201d, con un monto aproximado de 950 millones de pesos, el cual se elev\u00f3 a mil 369 millones a un plazo a 30 a\u00f1os<\/strong>, adjudicaci\u00f3n que provoc\u00f3 un endeudamiento hasta el a\u00f1o 2050 de 28 mil millones de pesos por parte del municipio.<\/span><\/p>\n<p><span style=\"font-size: 14pt;\">Martha M\u00e1rquez tambi\u00e9n denunci\u00f3 el suministro de material el\u00e9ctrico por 130 millones de pesos, en donde hay vinculados a proceso e indic\u00f3 que \u201csolo se dejaron llevar por un tema pol\u00edtico, ellos tienen responsabilidad\u201d. Denunci\u00f3 tambi\u00e9n el abuso en los cobros de agua, en el municipio de Aguascalientes y la ineficacia en los servicios p\u00fablicos, as\u00ed como \u201cla nula realizaci\u00f3n de obra p\u00fablica por parte de la administraci\u00f3n de Teresa Jim\u00e9nez\u201d.<\/span><\/p>\n<p><span style=\"font-size: 14pt;\"><strong>Es decir que el PAN no tiene seguro el triunfo en la gubernatura de Aguascalientes, toda vez que cuenta con ex aliados que saben mucho de lo que dentro de las filas panistas sucede, sobre todo de quienes ahora impulsan la candidatura de Teresa Jim\u00e9nez.<\/strong><\/span><\/p>\n","protected":false},"excerpt":{"rendered":"<p>Por Jos\u00e9 P\u00e1ramo Castro La encuesta realizada para seleccionar a la candidata del PAN a la gubernatura de Aguascalientes no<\/p>\n","protected":false},"author":1,"featured_media":1032,"comment_status":"closed","ping_status":"closed","sticky":false,"template":"","format":"standard","meta":{"colormag_page_container_layout":"default_layout","colormag_page_sidebar_layout":"default_layout","_jetpack_memberships_contains_paid_content":false,"footnotes":"","jetpack_publicize_message":"","jetpack_publicize_feature_enabled":true,"jetpack_social_post_already_shared":false,"jetpack_social_options":{"image_generator_settings":{"template":"highway","default_image_id":0,"font":"","enabled":false},"version":2}},"categories":[26],"tags":[],"class_list":["post-725","post","type-post","status-publish","format-standard","has-post-thumbnail","hentry","category-columnistas"],"jetpack_publicize_connections":[],"jetpack_featured_media_url":"https:\/\/i0.wp.com\/politicosaldesnudo.com.mx\/wp-content\/uploads\/2021\/12\/JOSE%CC%81-PA%CC%81RAMO-CASTRO-1.png?fit=1816%2C1016&ssl=1","jetpack-related-posts":[],"jetpack_sharing_enabled":true,"_links":{"self":[{"href":"https:\/\/politicosaldesnudo.com.mx\/index.php\/wp-json\/wp\/v2\/posts\/725","targetHints":{"allow":["GET"]}}],"collection":[{"href":"https:\/\/politicosaldesnudo.com.mx\/index.php\/wp-json\/wp\/v2\/posts"}],"about":[{"href":"https:\/\/politicosaldesnudo.com.mx\/index.php\/wp-json\/wp\/v2\/types\/post"}],"author":[{"embeddable":true,"href":"https:\/\/politicosaldesnudo.com.mx\/index.php\/wp-json\/wp\/v2\/users\/1"}],"replies":[{"embeddable":true,"href":"https:\/\/politicosaldesnudo.com.mx\/index.php\/wp-json\/wp\/v2\/comments?post=725"}],"version-history":[{"count":0,"href":"https:\/\/politicosaldesnudo.com.mx\/index.php\/wp-json\/wp\/v2\/posts\/725\/revisions"}],"wp:featuredmedia":[{"embeddable":true,"href":"https:\/\/politicosaldesnudo.com.mx\/index.php\/wp-json\/wp\/v2\/media\/1032"}],"wp:attachment":[{"href":"https:\/\/politicosaldesnudo.com.mx\/index.php\/wp-json\/wp\/v2\/media?parent=725"}],"wp:term":[{"taxonomy":"category","embeddable":true,"href":"https:\/\/politicosaldesnudo.com.mx\/index.php\/wp-json\/wp\/v2\/categories?post=725"},{"taxonomy":"post_tag","embeddable":true,"href":"https:\/\/politicosaldesnudo.com.mx\/index.php\/wp-json\/wp\/v2\/tags?post=725"}],"curies":[{"name":"wp","href":"https:\/\/api.w.org\/{rel}","templated":true}]}}