{"id":72583,"date":"2025-10-08T00:50:25","date_gmt":"2025-10-08T06:50:25","guid":{"rendered":"https:\/\/politicosaldesnudo.com.mx\/?p=72583"},"modified":"2025-10-10T00:52:11","modified_gmt":"2025-10-10T06:52:11","slug":"veracruz-en-la-encrucijada-amparos-pendientes-reformas-y-derechos-en-riesgo","status":"publish","type":"post","link":"https:\/\/politicosaldesnudo.com.mx\/index.php\/2025\/10\/08\/veracruz-en-la-encrucijada-amparos-pendientes-reformas-y-derechos-en-riesgo\/","title":{"rendered":"Veracruz en la encrucijada: amparos pendientes, reformas y derechos en riesgo"},"content":{"rendered":"<div>\n<p>En Veracruz, los amparos no solo son tr\u00e1mites legales: representan esperanzas, retrasos y en muchos casos, silencios. Hoy la reforma a la Ley de Amparo, propuesta por el Senado, promete cambios sustanciales en figuras clave como el <i>inter\u00e9s leg\u00edtimo<\/i>, los efectos de las suspensiones y la posible retroactividad en los procedimientos en curso.<\/p>\n<\/div>\n<div>\n<p>Juristas y abogados veracruzanos observan con preocupaci\u00f3n. Por ejemplo, preocupa que estas modificaciones limiten la capacidad de ciudadanos y colectivos locales para impugnar actos de autoridad que consideran injustos, especialmente cuando ya hay procesos iniciados.<\/p>\n<\/div>\n<div>\n<p>El da\u00f1o inmediato ya es palpable. Hay m\u00e1s de mil solicitudes de amparo en tribunales de Veracruz que permanecen sin resolverse por m\u00e1s de dos a\u00f1os, pese a que las normas internacionales y constitucionales marcan otros plazos razonables. Esto significa que quienes esperan justicia \u2014ya sea para proteger derechos laborales, ambientales, universitarios o pol\u00edticos\u2014 enfrentan no solo la lentitud, sino el riesgo de que su amparo sea regulado por la nueva ley en lugar de la vigente al momento de su inicio. Con la retroactividad, estos casos podr\u00edan verse afectados en t\u00e9rminos de garant\u00edas procesales.<\/p>\n<\/div>\n<div>\n<p>Un caso concreto: la aspirante a la rector\u00eda de la Universidad Veracruzana, Marisol Luna Leal, tramit\u00f3 un amparo contra la pr\u00f3rroga otorgada al rector actual, alegando que no fue un proceso debidamente fundamentado o regulado por la normativa org\u00e1nica aplicable. Este amparo fue admitido, aunque la suspensi\u00f3n provisional del acto reclamado fue negada. <u><a id=\"m_-6653844695120565788OWA79c61253-be27-047d-ee2c-3e1c83fd86c3\" href=\"https:\/\/da21w.e-veracruz.mx\/nota\/2025-07-11\/universidades\/juzgado-admite-tramite-de-amparo-contra-prorroga-de-rector-uv?utm_source=chatgpt.com\" target=\"_blank\" rel=\"noreferrer noopener\" data-saferedirecturl=\"https:\/\/www.google.com\/url?q=https:\/\/da21w.e-veracruz.mx\/nota\/2025-07-11\/universidades\/juzgado-admite-tramite-de-amparo-contra-prorroga-de-rector-uv?utm_source%3Dchatgpt.com&amp;source=gmail&amp;ust=1760165372949000&amp;usg=AOvVaw3l2MfpUkXXZbDxSwLGGQ-W\">E-<\/a><\/u>Tal situaci\u00f3n refleja c\u00f3mo, aunque la v\u00eda legal existe, su eficacia depende de muchos factores \u2014tiempos, interpretaci\u00f3n judicial, y ahora, el marco legal que podr\u00eda cambiar mientras el caso est\u00e1 en tr\u00e1mite.<\/p>\n<\/div>\n<div>\n<p>Otro ejemplo es la denuncia de la inejecuci\u00f3n de amparo en el caso de Rogelio Franco Cast\u00e1n, quien gan\u00f3 un amparo que declara inexistente el delito de retenci\u00f3n de menores. A pesar del fallo, permanece bajo restricciones como el resguardo domiciliario.<\/p>\n<\/div>\n<div>\n<p>Si la reforma se aprueba tal como est\u00e1, con retroactividad, podr\u00eda generar casos en los que quienes ya tramitan amparo vean modificadas las reglas bajo las cuales acudieron a la justicia, lo cual bajo el principio constitucional de seguridad jur\u00eddica y no retroactividad podr\u00eda generar litigiosidad adicional e incertidumbre.<\/p>\n<\/div>\n<div>\n<p>La justicia no debe llegar tarde, ni bajo leyes cambiadas a mitad del partido. Veracruz tiene casos reales, personas reales que han depositado confianza en el amparo como recurso de defensa, y cuyas expectativas podr\u00edan ser transformadas por reformas apresuradas.<\/p>\n<\/div>\n<div>\n<p>Si se legisla, debe hacerse con claridad: garantizando que los casos en curso respeten las reglas anteriores; asegurando que los derechos adquiridos no se vean menoscabados; dotando de recursos a los tribunales para evitar rezagos; y promoviendo que la ciudadan\u00eda participe, vigile y demande transparencia.<\/p>\n<\/div>\n<div>\n<p>Porque m\u00e1s que cambiar leyes, lo que Veracruz necesita es que los derechos se sostengan, y que la esperanza no muera en espera de una sentencia.<\/p>\n<p><img data-recalc-dims=\"1\" loading=\"lazy\" decoding=\"async\" class=\"aligncenter size-full wp-image-72261\" src=\"https:\/\/i0.wp.com\/politicosaldesnudo.com.mx\/wp-content\/uploads\/2025\/10\/FIRMA-EDITORIAL-PD-2.jpg?resize=800%2C98&#038;ssl=1\" alt=\"\" width=\"800\" height=\"98\" srcset=\"https:\/\/i0.wp.com\/politicosaldesnudo.com.mx\/wp-content\/uploads\/2025\/10\/FIRMA-EDITORIAL-PD-2.jpg?w=1024&amp;ssl=1 1024w, https:\/\/i0.wp.com\/politicosaldesnudo.com.mx\/wp-content\/uploads\/2025\/10\/FIRMA-EDITORIAL-PD-2.jpg?resize=300%2C37&amp;ssl=1 300w, https:\/\/i0.wp.com\/politicosaldesnudo.com.mx\/wp-content\/uploads\/2025\/10\/FIRMA-EDITORIAL-PD-2.jpg?resize=768%2C94&amp;ssl=1 768w\" sizes=\"auto, (max-width: 800px) 100vw, 800px\" \/><\/p>\n<\/div>\n","protected":false},"excerpt":{"rendered":"<p>En Veracruz, los amparos no solo son tr\u00e1mites legales: representan esperanzas, retrasos y en muchos casos, silencios. Hoy la reforma<\/p>\n","protected":false},"author":4,"featured_media":46060,"comment_status":"closed","ping_status":"closed","sticky":false,"template":"","format":"standard","meta":{"colormag_page_container_layout":"default_layout","colormag_page_sidebar_layout":"default_layout","_jetpack_memberships_contains_paid_content":false,"footnotes":"","jetpack_publicize_message":"","jetpack_publicize_feature_enabled":true,"jetpack_social_post_already_shared":true,"jetpack_social_options":{"image_generator_settings":{"template":"highway","default_image_id":0,"font":"","enabled":false},"version":2}},"categories":[26],"tags":[],"class_list":["post-72583","post","type-post","status-publish","format-standard","has-post-thumbnail","hentry","category-columnistas"],"jetpack_publicize_connections":[],"jetpack_featured_media_url":"https:\/\/i0.wp.com\/politicosaldesnudo.com.mx\/wp-content\/uploads\/2024\/09\/CRISTIANI-2.jpg?fit=800%2C445&ssl=1","jetpack-related-posts":[],"jetpack_sharing_enabled":true,"_links":{"self":[{"href":"https:\/\/politicosaldesnudo.com.mx\/index.php\/wp-json\/wp\/v2\/posts\/72583","targetHints":{"allow":["GET"]}}],"collection":[{"href":"https:\/\/politicosaldesnudo.com.mx\/index.php\/wp-json\/wp\/v2\/posts"}],"about":[{"href":"https:\/\/politicosaldesnudo.com.mx\/index.php\/wp-json\/wp\/v2\/types\/post"}],"author":[{"embeddable":true,"href":"https:\/\/politicosaldesnudo.com.mx\/index.php\/wp-json\/wp\/v2\/users\/4"}],"replies":[{"embeddable":true,"href":"https:\/\/politicosaldesnudo.com.mx\/index.php\/wp-json\/wp\/v2\/comments?post=72583"}],"version-history":[{"count":0,"href":"https:\/\/politicosaldesnudo.com.mx\/index.php\/wp-json\/wp\/v2\/posts\/72583\/revisions"}],"wp:featuredmedia":[{"embeddable":true,"href":"https:\/\/politicosaldesnudo.com.mx\/index.php\/wp-json\/wp\/v2\/media\/46060"}],"wp:attachment":[{"href":"https:\/\/politicosaldesnudo.com.mx\/index.php\/wp-json\/wp\/v2\/media?parent=72583"}],"wp:term":[{"taxonomy":"category","embeddable":true,"href":"https:\/\/politicosaldesnudo.com.mx\/index.php\/wp-json\/wp\/v2\/categories?post=72583"},{"taxonomy":"post_tag","embeddable":true,"href":"https:\/\/politicosaldesnudo.com.mx\/index.php\/wp-json\/wp\/v2\/tags?post=72583"}],"curies":[{"name":"wp","href":"https:\/\/api.w.org\/{rel}","templated":true}]}}