{"id":72597,"date":"2025-10-11T00:05:28","date_gmt":"2025-10-11T06:05:28","guid":{"rendered":"https:\/\/politicosaldesnudo.com.mx\/?p=72597"},"modified":"2025-10-10T20:36:37","modified_gmt":"2025-10-11T02:36:37","slug":"morena-expulsa-a-hernan-bermudez-por-vinculos-con-crimen-organizado","status":"publish","type":"post","link":"https:\/\/politicosaldesnudo.com.mx\/index.php\/2025\/10\/11\/morena-expulsa-a-hernan-bermudez-por-vinculos-con-crimen-organizado\/","title":{"rendered":"Morena expulsa a Hern\u00e1n Berm\u00fadez por v\u00ednculos con crimen organizado"},"content":{"rendered":"<p class=\"nota-justify\">La dirigencia nacional de Morena inform\u00f3 en Tabasco que este viernes fue expulsado de este partido Hern\u00e1n Berm\u00fadez Requena, quien fungi\u00f3 como secretario de Seguridad y Protecci\u00f3n Ciudadana (SSPC) durante el gobierno de Ad\u00e1n Augusto L\u00f3pez Hern\u00e1ndez en esta entidad, al confirmar que se le cancel\u00f3 definitivamente su registro; previamente le hab\u00edan suspendido sus derechos partidistas.<\/p>\n<p class=\"nota-justify\">La Comisi\u00f3n Nacional de Honestidad y Justicia expuls\u00f3 de manera definitiva al presunto cabecilla de la banda &#8216;La Barredora&#8217;, pues indic\u00f3 que esa instancia partidista \u201ctiene facultades para distintas cosas, desde suspender derechos hasta llegar a una expulsi\u00f3n del partido, como lo hizo ya en el caso de Hern\u00e1n Berm\u00fadez\u201d.<\/p>\n<p class=\"nota-justify\">Agreg\u00f3 que si el ex funcionario de Tabasco hoy est\u00e1 en la c\u00e1rcel es gracias a los gobiernos morenistas y rechaz\u00f3 que este caso pueda ser comparado con el de Genaro Garc\u00eda Luna, ex secretario de seguridad en el gobierno de Felipe Calder\u00f3n.<\/p>\n<p class=\"nota-justify\">La dirigencia del partido guinda manifest\u00f3 que \u201cno existe la impunidad ni la complicidad, por lo que no se protege ni solapa a nadie\u201d.<\/p>\n","protected":false},"excerpt":{"rendered":"<p>La dirigencia nacional de Morena inform\u00f3 en Tabasco que este viernes fue expulsado de este partido Hern\u00e1n Berm\u00fadez Requena, quien<\/p>\n","protected":false},"author":4,"featured_media":72598,"comment_status":"closed","ping_status":"closed","sticky":false,"template":"","format":"standard","meta":{"colormag_page_container_layout":"default_layout","colormag_page_sidebar_layout":"default_layout","_jetpack_memberships_contains_paid_content":false,"footnotes":"","jetpack_publicize_message":"","jetpack_publicize_feature_enabled":true,"jetpack_social_post_already_shared":true,"jetpack_social_options":{"image_generator_settings":{"template":"highway","default_image_id":0,"font":"","enabled":false},"version":2}},"categories":[33],"tags":[],"class_list":["post-72597","post","type-post","status-publish","format-standard","has-post-thumbnail","hentry","category-nacional"],"jetpack_publicize_connections":[],"jetpack_featured_media_url":"https:\/\/i0.wp.com\/politicosaldesnudo.com.mx\/wp-content\/uploads\/2025\/10\/CNTTNNNNT.jpg?fit=758%2C512&ssl=1","jetpack-related-posts":[],"jetpack_sharing_enabled":true,"_links":{"self":[{"href":"https:\/\/politicosaldesnudo.com.mx\/index.php\/wp-json\/wp\/v2\/posts\/72597","targetHints":{"allow":["GET"]}}],"collection":[{"href":"https:\/\/politicosaldesnudo.com.mx\/index.php\/wp-json\/wp\/v2\/posts"}],"about":[{"href":"https:\/\/politicosaldesnudo.com.mx\/index.php\/wp-json\/wp\/v2\/types\/post"}],"author":[{"embeddable":true,"href":"https:\/\/politicosaldesnudo.com.mx\/index.php\/wp-json\/wp\/v2\/users\/4"}],"replies":[{"embeddable":true,"href":"https:\/\/politicosaldesnudo.com.mx\/index.php\/wp-json\/wp\/v2\/comments?post=72597"}],"version-history":[{"count":0,"href":"https:\/\/politicosaldesnudo.com.mx\/index.php\/wp-json\/wp\/v2\/posts\/72597\/revisions"}],"wp:featuredmedia":[{"embeddable":true,"href":"https:\/\/politicosaldesnudo.com.mx\/index.php\/wp-json\/wp\/v2\/media\/72598"}],"wp:attachment":[{"href":"https:\/\/politicosaldesnudo.com.mx\/index.php\/wp-json\/wp\/v2\/media?parent=72597"}],"wp:term":[{"taxonomy":"category","embeddable":true,"href":"https:\/\/politicosaldesnudo.com.mx\/index.php\/wp-json\/wp\/v2\/categories?post=72597"},{"taxonomy":"post_tag","embeddable":true,"href":"https:\/\/politicosaldesnudo.com.mx\/index.php\/wp-json\/wp\/v2\/tags?post=72597"}],"curies":[{"name":"wp","href":"https:\/\/api.w.org\/{rel}","templated":true}]}}