{"id":72627,"date":"2025-10-11T00:15:54","date_gmt":"2025-10-11T06:15:54","guid":{"rendered":"https:\/\/politicosaldesnudo.com.mx\/?p=72627"},"modified":"2025-10-10T21:09:58","modified_gmt":"2025-10-11T03:09:58","slug":"detienen-por-amenazas-y-tentativa-de-homicidio-a-ex-lider-del-prd-en-veracruz","status":"publish","type":"post","link":"https:\/\/politicosaldesnudo.com.mx\/index.php\/2025\/10\/11\/detienen-por-amenazas-y-tentativa-de-homicidio-a-ex-lider-del-prd-en-veracruz\/","title":{"rendered":"Detienen por amenazas y tentativa de homicidio a ex l\u00edder del PRD en Veracruz"},"content":{"rendered":"<p class=\"nota-justify\">Antonio de Jes\u00fas \u201cN\u201d, ex dirigente del PRD en la ciudad de Veracruz fue detenido por elementos de la Fiscal\u00eda General del Estado de Veracruz acusado por los delitos de amenazas y homicidio en grado de tentativa.<\/p>\n<p class=\"nota-justify\">Cabe recordar que La Jornada dio a conocer que el pol\u00edtico jarocho fue denunciado por amenazas en contra de tres ciudadanos a los que enca\u00f1on\u00f3 con una pistola y a quienes amenaz\u00f3 con\u00a0<i>levantarlos<\/i>\u00a0y matarlos.<\/p>\n<p class=\"nota-justify\">En d\u00edas anteriores, Edna Lizeth Ruiz Herrera, se present\u00f3 ante la FGE luego de que Antonio de Jes\u00fas \u201cN\u201d la enca\u00f1on\u00f3 y cort\u00f3 cartucho a ra\u00edz de una discusi\u00f3n vecinal que tuvieron luego de que el perredista chocar\u00e1 con unas macetas colocadas en la calle para evitar el paso de veh\u00edculos de gran tama\u00f1o.<\/p>\n<p class=\"nota-justify\">Los hechos ocurrieron en el fraccionamiento Residencial del Bosque el pasado 25 de septiembre y todo qued\u00f3 grabado en video, en donde se observa al hoy detenido francamente alterado, adem\u00e1s de presumir que tiene fuertes influencias pol\u00edticas.<\/p>\n<p class=\"nota-justify\">\u201cMe amenaz\u00f3 con arma fuego afuera de mi domicilio, y pues honestamente tengo mucho temor porque se puso muy violento cuando gener\u00f3 sus amenazas y la raz\u00f3n fue una tonter\u00eda\u201d, expres\u00f3 hace unos d\u00edas\u00a0 la mujer.<\/p>\n<p class=\"nota-justify\">Ante ello, la FGE cumpliment\u00f3 una orden de aprehensi\u00f3n por los delitos antes mencionados en agravio de las v\u00edctimas identificadas con las iniciales E.L.R.H., O.P.R. y A.L.P.R.<\/p>\n<p class=\"nota-justify\">Ahora se espera que\u00a0 Jes\u00fas \u201cN\u201d sea presentado ante un juez para que se determine su situaci\u00f3n legal.<\/p>\n","protected":false},"excerpt":{"rendered":"<p>Antonio de Jes\u00fas \u201cN\u201d, ex dirigente del PRD en la ciudad de Veracruz fue detenido por elementos de la Fiscal\u00eda<\/p>\n","protected":false},"author":4,"featured_media":72628,"comment_status":"closed","ping_status":"closed","sticky":false,"template":"","format":"standard","meta":{"colormag_page_container_layout":"default_layout","colormag_page_sidebar_layout":"default_layout","_jetpack_memberships_contains_paid_content":false,"footnotes":"","jetpack_publicize_message":"","jetpack_publicize_feature_enabled":true,"jetpack_social_post_already_shared":true,"jetpack_social_options":{"image_generator_settings":{"template":"highway","default_image_id":0,"font":"","enabled":false},"version":2}},"categories":[30],"tags":[],"class_list":["post-72627","post","type-post","status-publish","format-standard","has-post-thumbnail","hentry","category-estados"],"jetpack_publicize_connections":[],"jetpack_featured_media_url":"https:\/\/i0.wp.com\/politicosaldesnudo.com.mx\/wp-content\/uploads\/2025\/10\/NQMLION.jpg?fit=749%2C566&ssl=1","jetpack-related-posts":[],"jetpack_sharing_enabled":true,"_links":{"self":[{"href":"https:\/\/politicosaldesnudo.com.mx\/index.php\/wp-json\/wp\/v2\/posts\/72627","targetHints":{"allow":["GET"]}}],"collection":[{"href":"https:\/\/politicosaldesnudo.com.mx\/index.php\/wp-json\/wp\/v2\/posts"}],"about":[{"href":"https:\/\/politicosaldesnudo.com.mx\/index.php\/wp-json\/wp\/v2\/types\/post"}],"author":[{"embeddable":true,"href":"https:\/\/politicosaldesnudo.com.mx\/index.php\/wp-json\/wp\/v2\/users\/4"}],"replies":[{"embeddable":true,"href":"https:\/\/politicosaldesnudo.com.mx\/index.php\/wp-json\/wp\/v2\/comments?post=72627"}],"version-history":[{"count":0,"href":"https:\/\/politicosaldesnudo.com.mx\/index.php\/wp-json\/wp\/v2\/posts\/72627\/revisions"}],"wp:featuredmedia":[{"embeddable":true,"href":"https:\/\/politicosaldesnudo.com.mx\/index.php\/wp-json\/wp\/v2\/media\/72628"}],"wp:attachment":[{"href":"https:\/\/politicosaldesnudo.com.mx\/index.php\/wp-json\/wp\/v2\/media?parent=72627"}],"wp:term":[{"taxonomy":"category","embeddable":true,"href":"https:\/\/politicosaldesnudo.com.mx\/index.php\/wp-json\/wp\/v2\/categories?post=72627"},{"taxonomy":"post_tag","embeddable":true,"href":"https:\/\/politicosaldesnudo.com.mx\/index.php\/wp-json\/wp\/v2\/tags?post=72627"}],"curies":[{"name":"wp","href":"https:\/\/api.w.org\/{rel}","templated":true}]}}