{"id":72633,"date":"2025-10-11T00:17:45","date_gmt":"2025-10-11T06:17:45","guid":{"rendered":"https:\/\/politicosaldesnudo.com.mx\/?p=72633"},"modified":"2025-10-10T21:13:53","modified_gmt":"2025-10-11T03:13:53","slug":"nobel-de-la-paz-un-espaldarazo-a-la-principal-promotora-de-guerra-en-venezuela","status":"publish","type":"post","link":"https:\/\/politicosaldesnudo.com.mx\/index.php\/2025\/10\/11\/nobel-de-la-paz-un-espaldarazo-a-la-principal-promotora-de-guerra-en-venezuela\/","title":{"rendered":"Nobel de la Paz, un espaldarazo a la principal promotora de guerra en Venezuela"},"content":{"rendered":"<p class=\"nota-justify\">La trayectoria de Mar\u00eda Corina Machado, por a\u00f1os solicitante de una intervenci\u00f3n militar en su pa\u00eds, dista mucho de los postulados del Premio Nobel de la Paz.<\/p>\n<p class=\"nota-justify\">La distinci\u00f3n de la dirigente antichavista Mar\u00eda Corina Machado con el Premio Nobel de la Paz 2025 ha generado controversia. Y es que seg\u00fan el Testamento de Alfred Nobel, su creador, el galard\u00f3n deber\u00eda ser otorgado \u201ca quienes durante el a\u00f1o precedente hayan trabajado m\u00e1s o mejor en favor de la fraternidad entre las naciones, la abolici\u00f3n o reducci\u00f3n de los ej\u00e9rcitos existentes y la celebraci\u00f3n y promoci\u00f3n de acuerdos de paz\u201d. Pero la trayectoria de Machado hace al menos forzada su correspondencia con tal enunciado.<\/p>\n<p class=\"nota-justify\">Mar\u00eda Corina Machado Parisca es una de las figuras del ala m\u00e1s conservadora y extremista de la oposici\u00f3n venezolana. Durante a\u00f1os, tuvo escaso peso dentro de las sucesivas coaliciones de partidos que han tratado por distintos medios de poner fin a la Revoluci\u00f3n Bolivariana desde 1999.<\/p>\n<p class=\"nota-justify\">En 2024 adquiri\u00f3 relevancia en el escenario pol\u00edtico venezolano ante el desierto y la dispersi\u00f3n dejados por los partidos opositores luego de fracasar con el plan de imponer un \u201cgobierno paralelo\u201d en la figura de Juan Guaid\u00f3 entre 2019 y 2023.<\/p>\n<p class=\"nota-justify\">Emergi\u00f3 como precandidata presidencial para las elecciones de julio de 2024 en unas primarias autogestionadas por un sector de la derecha venezolana, aun cuando ella hab\u00eda perdido derechos pol\u00edticos al estar inhabilitada para ejercer cargos p\u00fablicos por la Contralor\u00eda General de la Rep\u00fablica, de de Justicia ante una apelaci\u00f3n interpuesta por ella misma. Esto la oblig\u00f3 a ceder su candidatura a Edmundo Gonz\u00e1lez, un exdiplom\u00e1tico poco conocido que finalmente perdi\u00f3 la elecci\u00f3n frente a Nicol\u00e1s Maduro.<\/p>\n<p class=\"nota-justify\">Antes y despu\u00e9s del proceso electoral, el gobierno denunci\u00f3 que el partido Vente Venezuela, con Machado a la cabeza, intentaba generar un ambiente de caos en el pa\u00eds mediante acciones de sabotaje y terrorismo, que desembocaron en manifestaciones violentas los d\u00edas posteriores a los comicios presidenciales, en los que se atacaron edificios p\u00fablicos y se provocaron incendios en varias ciudades.<\/p>\n<p class=\"nota-justify\">Luego del anuncio del Comit\u00e9 Noruego del Nobel, Machado expres\u00f3 en un comunicado que el premio es \u201cun firme llamado para que la transici\u00f3n a la democracia en Venezuela se concrete de inmediato\u201d. Con esta \u201ctransici\u00f3n\u201d no se refiere a un proceso de di\u00e1logo pol\u00edtico, sino a su confianza en que el gobierno de Estados Unidos concretar\u00e1 una agresi\u00f3n militar contra Venezuela a partir del despliegue de buques y aviones de guerra apostados en el Caribe sur desde el mes de agosto.<\/p>\n<p class=\"nota-justify\">Esto lo confirman sus propias palabras durante una entrevista con el diario El Pa\u00eds, de Espa\u00f1a, despu\u00e9s del anuncio del Nobel: \u201cToda la gente que dec\u00eda que no hab\u00eda que construir amenaza cre\u00edble, que no hab\u00eda que poner la fuerza por delante, pues f\u00edjense todo lo que est\u00e1 ocurriendo\u201d.<\/p>\n<p class=\"nota-justify\">Esta ha sido la postura hist\u00f3rica de Machado durante a\u00f1os. Sistem\u00e1ticamente, ha defendido el uso de \u201cla fuerza\u201d frente a m\u00e9todos pac\u00edficos y democr\u00e1ticos para lograr la meta del antichavismo: sacar a Maduro del poder.<\/p>\n<p class=\"nota-justify\">En el a\u00f1o 2014, junto a Leopoldo L\u00f3pez y Antonio Ledezma, planific\u00f3 y promovi\u00f3 las movilizaciones violentas que buscaban hacer caer el gobierno de Maduro mediante quemas de calles, instituciones, asesinato de personas y ataques a regimientos militares.<\/p>\n<p class=\"nota-justify\">El saldo de este episodio fue de 43 venezolanos asesinados y cientos de heridos. Este tipo de estrategia de violencia callejera, conocida en Venezuela como Guarimbas, se repiti\u00f3 en 2017, tambi\u00e9n bajo el impulso de Machado y otros aliados, con un saldo esta vez muy superior: alrededor de 150 muertes y miles de personas heridas.<\/p>\n<p class=\"nota-justify\">En octubre de 2018, cuando la dirigente invoc\u00f3 la R2P (Responsabilidad de Proteger) a la \u201ccomunidad internacional\u201d, un principio de doctrina que se traduce en la intervenci\u00f3n militar extranjera de un pa\u00eds. Esta petici\u00f3n se actualiz\u00f3 en 2019 en medio del \u201cPlan Guaid\u00f3\u201d. El 12 de febrero Machado pidi\u00f3 a la Asamblea Nacional que aprobara el ingreso de tropas extranjeras en suelo venezolano: \u201cHacemos un llamamiento a la Asamblea Nacional para que active el art\u00edculo 187 con el objetivo de autorizar el uso de una fuerza multinacional en caso de persistir las trabas para la distribuci\u00f3n de la ayuda humanitaria\u201d.<\/p>\n<p class=\"nota-justify\">En una entrevista con la Voz de Am\u00e9rica el 3 de mayo de ese a\u00f1o, repiti\u00f3: \u201clas democracias occidentales tienen que entender que un r\u00e9gimen criminal solo saldr\u00e1 del poder ante la amenaza cre\u00edble, inminente y severa del uso de la fuerza\u201d.<\/p>\n<p class=\"nota-justify\">Tambi\u00e9n en 2018 envi\u00f3 una carta a Mauricio Macri, entonces presidente de Argentina, y Benjam\u00edn Netanyahu, primer ministro de Israel: \u201cHoy quiero pedir a Israel y Argentina que aporten su experticia y su influencia para avanzar hacia una toma de decisiones acertada y urgente en el Consejo de Seguridad de Naciones Unidas\u201d.<\/p>\n<p class=\"nota-justify\">En 2020 cambi\u00f3 a otro instrumento: el Tratado Interamericano de Asistencia Rec\u00edproca (TIAR), un mecanismo de la Guerra Fr\u00eda. En junio public\u00f3 un art\u00edculo en varios medios internacionales titulado \u201cVenezuela: el desaf\u00edo ineludible de Occidente\u201d, en el que ped\u00eda \u201cla conformaci\u00f3n de una coalici\u00f3n internacional que despliegue una Operaci\u00f3n de Paz y Estabilizaci\u00f3n en Venezuela (OPE)\u201d y precisaba que \u201clo ideal es que esta operaci\u00f3n de paz multifac\u00e9tica no est\u00e9 bajo la \u00e9gida de una sola organizaci\u00f3n, sino conformada por una coalici\u00f3n de aliados con disposici\u00f3n y legitimidad regional en el marco del TIAR\u201d.<\/p>\n<p class=\"nota-justify\">Desde que Donald Trump asumi\u00f3 por segunda vez la presidencia de Estados Unidos, en enero de 2025, Machado ha sido la principal promotora de la intervenci\u00f3n militar extranjera en Venezuela. Ha apoyado abiertamente el despliegue militar de Trump en el Caribe.<\/p>\n<p class=\"nota-justify\">En una entrevista con Fox News en agosto de este a\u00f1o, Machado asegur\u00f3 que \u201cel gobierno de Trump sabe muy bien que Maduro es la cabeza de una organizaci\u00f3n criminal terrorista, que expande el crimen organizado trav\u00e9s de la TDA y c\u00e1rteles narcotraficantes como el C\u00e1rtel de los Soles\u2026 Y \u00e9l es la principal fuente de desestabilizaci\u00f3n de la regi\u00f3n y, por lo tanto, una amenaza para la seguridad nacional de Estados Unidos\u201d.<\/p>\n<p class=\"nota-justify\">Tambi\u00e9n dijo que con la movilizaci\u00f3n militar ordenada pro Trump y que apunta a Venezuela \u201ccreo que las cosas van a avanzar muy r\u00e1pido\u201d. All\u00ed mismo, les lanz\u00f3 una advertencia a los altos mandos militares venezolanos, leales a Maduro: \u201cTienen poco tiempo para decidir si se ponen del lado de la justicia, del pueblo y del mundo democr\u00e1tico, o si caen con \u00e9l\u201d.<\/p>\n<p class=\"nota-justify\">Esta \u00faltima frase no parece provenir de una persona galardonada por un premio que se supone fue concebido para quienes trabajan por \u201cla celebraci\u00f3n y promoci\u00f3n de acuerdos<\/p>\n<p class=\"nota-justify\">de paz\u201d.<\/p>\n","protected":false},"excerpt":{"rendered":"<p>La trayectoria de Mar\u00eda Corina Machado, por a\u00f1os solicitante de una intervenci\u00f3n militar en su pa\u00eds, dista mucho de los<\/p>\n","protected":false},"author":4,"featured_media":72634,"comment_status":"closed","ping_status":"closed","sticky":false,"template":"","format":"standard","meta":{"colormag_page_container_layout":"default_layout","colormag_page_sidebar_layout":"default_layout","_jetpack_memberships_contains_paid_content":false,"footnotes":"","jetpack_publicize_message":"","jetpack_publicize_feature_enabled":true,"jetpack_social_post_already_shared":true,"jetpack_social_options":{"image_generator_settings":{"template":"highway","default_image_id":0,"font":"","enabled":false},"version":2}},"categories":[28],"tags":[],"class_list":["post-72633","post","type-post","status-publish","format-standard","has-post-thumbnail","hentry","category-internacional"],"jetpack_publicize_connections":[],"jetpack_featured_media_url":"https:\/\/i0.wp.com\/politicosaldesnudo.com.mx\/wp-content\/uploads\/2025\/10\/POSS.jpg?fit=724%2C420&ssl=1","jetpack-related-posts":[],"jetpack_sharing_enabled":true,"_links":{"self":[{"href":"https:\/\/politicosaldesnudo.com.mx\/index.php\/wp-json\/wp\/v2\/posts\/72633","targetHints":{"allow":["GET"]}}],"collection":[{"href":"https:\/\/politicosaldesnudo.com.mx\/index.php\/wp-json\/wp\/v2\/posts"}],"about":[{"href":"https:\/\/politicosaldesnudo.com.mx\/index.php\/wp-json\/wp\/v2\/types\/post"}],"author":[{"embeddable":true,"href":"https:\/\/politicosaldesnudo.com.mx\/index.php\/wp-json\/wp\/v2\/users\/4"}],"replies":[{"embeddable":true,"href":"https:\/\/politicosaldesnudo.com.mx\/index.php\/wp-json\/wp\/v2\/comments?post=72633"}],"version-history":[{"count":0,"href":"https:\/\/politicosaldesnudo.com.mx\/index.php\/wp-json\/wp\/v2\/posts\/72633\/revisions"}],"wp:featuredmedia":[{"embeddable":true,"href":"https:\/\/politicosaldesnudo.com.mx\/index.php\/wp-json\/wp\/v2\/media\/72634"}],"wp:attachment":[{"href":"https:\/\/politicosaldesnudo.com.mx\/index.php\/wp-json\/wp\/v2\/media?parent=72633"}],"wp:term":[{"taxonomy":"category","embeddable":true,"href":"https:\/\/politicosaldesnudo.com.mx\/index.php\/wp-json\/wp\/v2\/categories?post=72633"},{"taxonomy":"post_tag","embeddable":true,"href":"https:\/\/politicosaldesnudo.com.mx\/index.php\/wp-json\/wp\/v2\/tags?post=72633"}],"curies":[{"name":"wp","href":"https:\/\/api.w.org\/{rel}","templated":true}]}}