{"id":72663,"date":"2025-10-12T15:44:21","date_gmt":"2025-10-12T21:44:21","guid":{"rendered":"https:\/\/politicosaldesnudo.com.mx\/?p=72663"},"modified":"2025-10-12T15:44:21","modified_gmt":"2025-10-12T21:44:21","slug":"familias-damnificadas-de-juana-moza-recibieron-paquetes-alimenticios-del-ayuntamiento-y-dif-tuxpan","status":"publish","type":"post","link":"https:\/\/politicosaldesnudo.com.mx\/index.php\/2025\/10\/12\/familias-damnificadas-de-juana-moza-recibieron-paquetes-alimenticios-del-ayuntamiento-y-dif-tuxpan\/","title":{"rendered":"Familias damnificadas de Juana Moza recibieron paquetes alimenticios del Ayuntamiento y DIF Tuxpan"},"content":{"rendered":"<p>\u2022 Importante participaci\u00f3n de Defensa, Semar y Guardia Nacional en el auxilio a la poblaci\u00f3n.<br \/>\nTuxpan, Ver.- El Ayuntamiento y el DIF Tuxpan, con el apoyo de Defensa, SEMAR y Guardia Nacional entregaron paquetes alimenticios a familias de Juana Moza que resultaron afectadas por la crecida del r\u00edo Tuxpan.<\/p>\n<p><img data-recalc-dims=\"1\" loading=\"lazy\" decoding=\"async\" class=\"aligncenter size-large wp-image-72664\" src=\"https:\/\/i0.wp.com\/politicosaldesnudo.com.mx\/wp-content\/uploads\/2025\/10\/WhatsApp-Image-2025-10-11-at-21.52.46-1024x576.jpeg?resize=800%2C450&#038;ssl=1\" alt=\"\" width=\"800\" height=\"450\" srcset=\"https:\/\/i0.wp.com\/politicosaldesnudo.com.mx\/wp-content\/uploads\/2025\/10\/WhatsApp-Image-2025-10-11-at-21.52.46.jpeg?resize=1024%2C576&amp;ssl=1 1024w, https:\/\/i0.wp.com\/politicosaldesnudo.com.mx\/wp-content\/uploads\/2025\/10\/WhatsApp-Image-2025-10-11-at-21.52.46.jpeg?resize=300%2C169&amp;ssl=1 300w, https:\/\/i0.wp.com\/politicosaldesnudo.com.mx\/wp-content\/uploads\/2025\/10\/WhatsApp-Image-2025-10-11-at-21.52.46.jpeg?resize=768%2C432&amp;ssl=1 768w, https:\/\/i0.wp.com\/politicosaldesnudo.com.mx\/wp-content\/uploads\/2025\/10\/WhatsApp-Image-2025-10-11-at-21.52.46.jpeg?resize=1536%2C864&amp;ssl=1 1536w, https:\/\/i0.wp.com\/politicosaldesnudo.com.mx\/wp-content\/uploads\/2025\/10\/WhatsApp-Image-2025-10-11-at-21.52.46.jpeg?w=1600&amp;ssl=1 1600w\" sizes=\"auto, (max-width: 800px) 100vw, 800px\" \/> <img data-recalc-dims=\"1\" loading=\"lazy\" decoding=\"async\" class=\"aligncenter size-large wp-image-72665\" src=\"https:\/\/i0.wp.com\/politicosaldesnudo.com.mx\/wp-content\/uploads\/2025\/10\/WhatsApp-Image-2025-10-11-at-21.52.48-1024x576.jpeg?resize=800%2C450&#038;ssl=1\" alt=\"\" width=\"800\" height=\"450\" srcset=\"https:\/\/i0.wp.com\/politicosaldesnudo.com.mx\/wp-content\/uploads\/2025\/10\/WhatsApp-Image-2025-10-11-at-21.52.48.jpeg?resize=1024%2C576&amp;ssl=1 1024w, https:\/\/i0.wp.com\/politicosaldesnudo.com.mx\/wp-content\/uploads\/2025\/10\/WhatsApp-Image-2025-10-11-at-21.52.48.jpeg?resize=300%2C169&amp;ssl=1 300w, https:\/\/i0.wp.com\/politicosaldesnudo.com.mx\/wp-content\/uploads\/2025\/10\/WhatsApp-Image-2025-10-11-at-21.52.48.jpeg?resize=768%2C432&amp;ssl=1 768w, https:\/\/i0.wp.com\/politicosaldesnudo.com.mx\/wp-content\/uploads\/2025\/10\/WhatsApp-Image-2025-10-11-at-21.52.48.jpeg?resize=1536%2C864&amp;ssl=1 1536w, https:\/\/i0.wp.com\/politicosaldesnudo.com.mx\/wp-content\/uploads\/2025\/10\/WhatsApp-Image-2025-10-11-at-21.52.48.jpeg?w=1600&amp;ssl=1 1600w\" sizes=\"auto, (max-width: 800px) 100vw, 800px\" \/><br \/>\nEsta entrega de apoyos fue encabezada por el presidente municipal Dr. Jes\u00fas Fomperoza Torres; la presidenta del DIF Tuxpan, Melba L\u00f3pez Guti\u00e9rrez y el regidor Juan G\u00f3mez Garc\u00eda.<br \/>\nEl alcalde inform\u00f3 que ya se est\u00e1n levantando los censos de familias afectadas para gestionar apoyos ante el Gobierno Estatal y Federal.<\/p>\n<p><img data-recalc-dims=\"1\" loading=\"lazy\" decoding=\"async\" class=\"aligncenter size-large wp-image-72666\" src=\"https:\/\/i0.wp.com\/politicosaldesnudo.com.mx\/wp-content\/uploads\/2025\/10\/WhatsApp-Image-2025-10-11-at-21.52.49-1-1024x731.jpeg?resize=800%2C571&#038;ssl=1\" alt=\"\" width=\"800\" height=\"571\" srcset=\"https:\/\/i0.wp.com\/politicosaldesnudo.com.mx\/wp-content\/uploads\/2025\/10\/WhatsApp-Image-2025-10-11-at-21.52.49-1.jpeg?resize=1024%2C731&amp;ssl=1 1024w, https:\/\/i0.wp.com\/politicosaldesnudo.com.mx\/wp-content\/uploads\/2025\/10\/WhatsApp-Image-2025-10-11-at-21.52.49-1.jpeg?resize=300%2C214&amp;ssl=1 300w, https:\/\/i0.wp.com\/politicosaldesnudo.com.mx\/wp-content\/uploads\/2025\/10\/WhatsApp-Image-2025-10-11-at-21.52.49-1.jpeg?resize=768%2C548&amp;ssl=1 768w, https:\/\/i0.wp.com\/politicosaldesnudo.com.mx\/wp-content\/uploads\/2025\/10\/WhatsApp-Image-2025-10-11-at-21.52.49-1.jpeg?w=1280&amp;ssl=1 1280w\" sizes=\"auto, (max-width: 800px) 100vw, 800px\" \/> <img data-recalc-dims=\"1\" loading=\"lazy\" decoding=\"async\" class=\"aligncenter size-large wp-image-72667\" src=\"https:\/\/i0.wp.com\/politicosaldesnudo.com.mx\/wp-content\/uploads\/2025\/10\/WhatsApp-Image-2025-10-11-at-21.52.49-1024x576.jpeg?resize=800%2C450&#038;ssl=1\" alt=\"\" width=\"800\" height=\"450\" srcset=\"https:\/\/i0.wp.com\/politicosaldesnudo.com.mx\/wp-content\/uploads\/2025\/10\/WhatsApp-Image-2025-10-11-at-21.52.49.jpeg?resize=1024%2C576&amp;ssl=1 1024w, https:\/\/i0.wp.com\/politicosaldesnudo.com.mx\/wp-content\/uploads\/2025\/10\/WhatsApp-Image-2025-10-11-at-21.52.49.jpeg?resize=300%2C169&amp;ssl=1 300w, https:\/\/i0.wp.com\/politicosaldesnudo.com.mx\/wp-content\/uploads\/2025\/10\/WhatsApp-Image-2025-10-11-at-21.52.49.jpeg?resize=768%2C432&amp;ssl=1 768w, https:\/\/i0.wp.com\/politicosaldesnudo.com.mx\/wp-content\/uploads\/2025\/10\/WhatsApp-Image-2025-10-11-at-21.52.49.jpeg?resize=1536%2C864&amp;ssl=1 1536w, https:\/\/i0.wp.com\/politicosaldesnudo.com.mx\/wp-content\/uploads\/2025\/10\/WhatsApp-Image-2025-10-11-at-21.52.49.jpeg?w=1600&amp;ssl=1 1600w\" sizes=\"auto, (max-width: 800px) 100vw, 800px\" \/><br \/>\nInform\u00f3 a la comunidad que los paquetes alimenticios les ayudar\u00e1n a enfrentar, en estos d\u00edas, la dif\u00edcil situaci\u00f3n que atraviesan.<br \/>\nPor su parte, la presidenta del DIF Tuxpan, Melba L\u00f3pez Guti\u00e9rrez agradeci\u00f3 a la Gobernadora Roc\u00edo Nahle y a la directora del DIF Estatal, Clara Mora Ju\u00e1rez por los apoyos enviados a Tuxpan, en esta emergencia.<\/p>\n<p><img data-recalc-dims=\"1\" loading=\"lazy\" decoding=\"async\" class=\"aligncenter size-large wp-image-72668\" src=\"https:\/\/i0.wp.com\/politicosaldesnudo.com.mx\/wp-content\/uploads\/2025\/10\/WhatsApp-Image-2025-10-11-at-21.52.50-1-1024x658.jpeg?resize=800%2C514&#038;ssl=1\" alt=\"\" width=\"800\" height=\"514\" srcset=\"https:\/\/i0.wp.com\/politicosaldesnudo.com.mx\/wp-content\/uploads\/2025\/10\/WhatsApp-Image-2025-10-11-at-21.52.50-1.jpeg?resize=1024%2C658&amp;ssl=1 1024w, https:\/\/i0.wp.com\/politicosaldesnudo.com.mx\/wp-content\/uploads\/2025\/10\/WhatsApp-Image-2025-10-11-at-21.52.50-1.jpeg?resize=300%2C193&amp;ssl=1 300w, https:\/\/i0.wp.com\/politicosaldesnudo.com.mx\/wp-content\/uploads\/2025\/10\/WhatsApp-Image-2025-10-11-at-21.52.50-1.jpeg?resize=768%2C493&amp;ssl=1 768w, https:\/\/i0.wp.com\/politicosaldesnudo.com.mx\/wp-content\/uploads\/2025\/10\/WhatsApp-Image-2025-10-11-at-21.52.50-1.jpeg?w=1280&amp;ssl=1 1280w\" sizes=\"auto, (max-width: 800px) 100vw, 800px\" \/><br \/>\nLas autoridades municipales habr\u00e1n de continuar con la entrega de apoyos alimenticios a las familias damnificadas, de manera programada y organizada.<\/p>\n","protected":false},"excerpt":{"rendered":"<p>\u2022 Importante participaci\u00f3n de Defensa, Semar y Guardia Nacional en el auxilio a la poblaci\u00f3n. Tuxpan, Ver.- El Ayuntamiento y<\/p>\n","protected":false},"author":4,"featured_media":72669,"comment_status":"closed","ping_status":"closed","sticky":false,"template":"","format":"standard","meta":{"colormag_page_container_layout":"default_layout","colormag_page_sidebar_layout":"default_layout","_jetpack_memberships_contains_paid_content":false,"footnotes":"","jetpack_publicize_message":"","jetpack_publicize_feature_enabled":true,"jetpack_social_post_already_shared":true,"jetpack_social_options":{"image_generator_settings":{"template":"highway","default_image_id":0,"font":"","enabled":false},"version":2}},"categories":[3205,1082],"tags":[],"class_list":["post-72663","post","type-post","status-publish","format-standard","has-post-thumbnail","hentry","category-gobierno-tuxpan","category-tuxpan"],"jetpack_publicize_connections":[],"jetpack_featured_media_url":"https:\/\/i0.wp.com\/politicosaldesnudo.com.mx\/wp-content\/uploads\/2025\/10\/WhatsApp-Image-2025-10-11-at-21.52.50.jpeg?fit=1280%2C853&ssl=1","jetpack-related-posts":[],"jetpack_sharing_enabled":true,"_links":{"self":[{"href":"https:\/\/politicosaldesnudo.com.mx\/index.php\/wp-json\/wp\/v2\/posts\/72663","targetHints":{"allow":["GET"]}}],"collection":[{"href":"https:\/\/politicosaldesnudo.com.mx\/index.php\/wp-json\/wp\/v2\/posts"}],"about":[{"href":"https:\/\/politicosaldesnudo.com.mx\/index.php\/wp-json\/wp\/v2\/types\/post"}],"author":[{"embeddable":true,"href":"https:\/\/politicosaldesnudo.com.mx\/index.php\/wp-json\/wp\/v2\/users\/4"}],"replies":[{"embeddable":true,"href":"https:\/\/politicosaldesnudo.com.mx\/index.php\/wp-json\/wp\/v2\/comments?post=72663"}],"version-history":[{"count":0,"href":"https:\/\/politicosaldesnudo.com.mx\/index.php\/wp-json\/wp\/v2\/posts\/72663\/revisions"}],"wp:featuredmedia":[{"embeddable":true,"href":"https:\/\/politicosaldesnudo.com.mx\/index.php\/wp-json\/wp\/v2\/media\/72669"}],"wp:attachment":[{"href":"https:\/\/politicosaldesnudo.com.mx\/index.php\/wp-json\/wp\/v2\/media?parent=72663"}],"wp:term":[{"taxonomy":"category","embeddable":true,"href":"https:\/\/politicosaldesnudo.com.mx\/index.php\/wp-json\/wp\/v2\/categories?post=72663"},{"taxonomy":"post_tag","embeddable":true,"href":"https:\/\/politicosaldesnudo.com.mx\/index.php\/wp-json\/wp\/v2\/tags?post=72663"}],"curies":[{"name":"wp","href":"https:\/\/api.w.org\/{rel}","templated":true}]}}