{"id":72703,"date":"2025-10-13T00:45:25","date_gmt":"2025-10-13T06:45:25","guid":{"rendered":"https:\/\/politicosaldesnudo.com.mx\/?p=72703"},"modified":"2025-10-13T00:45:25","modified_gmt":"2025-10-13T06:45:25","slug":"pjf-implementa-sistema-digital-para-agilizar-turnos-de-asuntos-ante-corte","status":"publish","type":"post","link":"https:\/\/politicosaldesnudo.com.mx\/index.php\/2025\/10\/13\/pjf-implementa-sistema-digital-para-agilizar-turnos-de-asuntos-ante-corte\/","title":{"rendered":"PJF implementa sistema digital para agilizar turnos de asuntos ante Corte"},"content":{"rendered":"<p>El \u00d3rgano de Administraci\u00f3n (OAJ) inform\u00f3 que las 181 Oficinas de Correspondencia Com\u00fan (OCC) que se localizan en todas las sedes del Poder Judicial de la Federaci\u00f3n (PJF) en el pa\u00eds, recibir\u00e1n y remitir\u00e1n de forma inmediata las promociones dirigidas a la Suprema Corte de Justicia de la Naci\u00f3n (SCJN).<\/p>\n<p>Se\u00f1al\u00f3 que en cumplimiento a lo establecido en el Acuerdo General n\u00famero 1\/2025 (12a.) emitido por el Pleno del M\u00e1ximo Tribunal del pa\u00eds relativo a la recepci\u00f3n, registro y turno de los asuntos de su competencia, el OAJ a trav\u00e9s de la Coordinaci\u00f3n General de Planeaci\u00f3n Institucional y de la Direcci\u00f3n General de Gesti\u00f3n Judicial, en coordinaci\u00f3n con la SCJN, capacit\u00f3 a 330 servidores p\u00fablicos para el uso adecuado del M\u00f3dulo de Intercomunicaci\u00f3n (MINTER-SCJN).<\/p>\n<p>Los objetivos del acuerdo son regular la recepci\u00f3n, registro y turno de los asuntos que son competencia de la Suprema Corte; favorecer una distribuci\u00f3n equitativa de las cargas de trabajo entre las ponencias, as\u00ed como asegurar que la ciudadan\u00eda cuente con informaci\u00f3n clara, oportuna y transparente sobre la asignaci\u00f3n de los asuntos para garantizar una justicia pronta, expedita, imparcial y transparente.<\/p>\n<p>El OAJ apunt\u00f3 que las personas pueden presentar promociones en cualquiera de las OCC ubicadas en las sedes del PJF en el interior de la Rep\u00fablica Mexicana. \u201cEl personal capacitado las recibir\u00e1 y, sin mayor tr\u00e1mite, las enviar\u00e1 a la Oficina de Certificaci\u00f3n Judicial y de Correspondencia de la Suprema Corte de Justicia de la Naci\u00f3n. Las OCC deber\u00e1n remitir la promoci\u00f3n f\u00edsica y los anexos correspondientes en un plazo de tres d\u00edas, utilizando el sistema de mensajer\u00eda ordinaria\u201d.<\/p>\n<p>Agreg\u00f3 que el proceso se llevar\u00e1 a cabo a trav\u00e9s del M\u00f3dulo de Intercomunicaci\u00f3n MINTER-SCJN, herramienta tecnol\u00f3gica que contribuir\u00e1 a la apertura, eficacia y buen funcionamiento de los procesos institucionales.<\/p>\n<p>\u201cLa atenci\u00f3n al p\u00fablico usuario se apegar\u00e1 en todo momento a las disposiciones vigentes que regulan la tramitaci\u00f3n de asuntos judiciales, por lo que podr\u00e1n recibirse y enviarse todos los asuntos con excepci\u00f3n del supuesto previsto en el art\u00edculo 86 de la Ley de Amparo que se refiere al recurso de revisi\u00f3n\u201d.<\/p>\n","protected":false},"excerpt":{"rendered":"<p>El \u00d3rgano de Administraci\u00f3n (OAJ) inform\u00f3 que las 181 Oficinas de Correspondencia Com\u00fan (OCC) que se localizan en todas las<\/p>\n","protected":false},"author":4,"featured_media":72704,"comment_status":"closed","ping_status":"closed","sticky":false,"template":"","format":"standard","meta":{"colormag_page_container_layout":"default_layout","colormag_page_sidebar_layout":"default_layout","_jetpack_memberships_contains_paid_content":false,"footnotes":"","jetpack_publicize_message":"","jetpack_publicize_feature_enabled":true,"jetpack_social_post_already_shared":true,"jetpack_social_options":{"image_generator_settings":{"template":"highway","default_image_id":0,"font":"","enabled":false},"version":2}},"categories":[33],"tags":[],"class_list":["post-72703","post","type-post","status-publish","format-standard","has-post-thumbnail","hentry","category-nacional"],"jetpack_publicize_connections":[],"jetpack_featured_media_url":"https:\/\/i0.wp.com\/politicosaldesnudo.com.mx\/wp-content\/uploads\/2025\/10\/FACHADA-SCJN-.jpg?fit=1380%2C684&ssl=1","jetpack-related-posts":[],"jetpack_sharing_enabled":true,"_links":{"self":[{"href":"https:\/\/politicosaldesnudo.com.mx\/index.php\/wp-json\/wp\/v2\/posts\/72703","targetHints":{"allow":["GET"]}}],"collection":[{"href":"https:\/\/politicosaldesnudo.com.mx\/index.php\/wp-json\/wp\/v2\/posts"}],"about":[{"href":"https:\/\/politicosaldesnudo.com.mx\/index.php\/wp-json\/wp\/v2\/types\/post"}],"author":[{"embeddable":true,"href":"https:\/\/politicosaldesnudo.com.mx\/index.php\/wp-json\/wp\/v2\/users\/4"}],"replies":[{"embeddable":true,"href":"https:\/\/politicosaldesnudo.com.mx\/index.php\/wp-json\/wp\/v2\/comments?post=72703"}],"version-history":[{"count":0,"href":"https:\/\/politicosaldesnudo.com.mx\/index.php\/wp-json\/wp\/v2\/posts\/72703\/revisions"}],"wp:featuredmedia":[{"embeddable":true,"href":"https:\/\/politicosaldesnudo.com.mx\/index.php\/wp-json\/wp\/v2\/media\/72704"}],"wp:attachment":[{"href":"https:\/\/politicosaldesnudo.com.mx\/index.php\/wp-json\/wp\/v2\/media?parent=72703"}],"wp:term":[{"taxonomy":"category","embeddable":true,"href":"https:\/\/politicosaldesnudo.com.mx\/index.php\/wp-json\/wp\/v2\/categories?post=72703"},{"taxonomy":"post_tag","embeddable":true,"href":"https:\/\/politicosaldesnudo.com.mx\/index.php\/wp-json\/wp\/v2\/tags?post=72703"}],"curies":[{"name":"wp","href":"https:\/\/api.w.org\/{rel}","templated":true}]}}