{"id":72718,"date":"2025-10-13T00:55:46","date_gmt":"2025-10-13T06:55:46","guid":{"rendered":"https:\/\/politicosaldesnudo.com.mx\/?p=72718"},"modified":"2025-10-13T00:55:46","modified_gmt":"2025-10-13T06:55:46","slug":"anuncian-marcha-en-memoria-de-estudiantes-de-la-uv-desaparecidos-en-inundaciones","status":"publish","type":"post","link":"https:\/\/politicosaldesnudo.com.mx\/index.php\/2025\/10\/13\/anuncian-marcha-en-memoria-de-estudiantes-de-la-uv-desaparecidos-en-inundaciones\/","title":{"rendered":"Anuncian marcha en memoria de estudiantes de la UV desaparecidos en inundaciones"},"content":{"rendered":"<p class=\"nota-justify\">Estudiantes de la Universidad Veracruzana (UV) anunciaron que realizar\u00e1n una marcha el pr\u00f3ximo viernes en diversas ciudades del estado en memoria de los alumnos de dicha casa de estudios que habr\u00edan perdido la vida tras las inundaciones de los d\u00edas recientes o que a\u00fan se encuentran en calidad de desaparecidos.<\/p>\n<p class=\"nota-justify\">En redes sociales, comenz\u00f3 a circular una convocatoria a realizar este 17 de octubre a la 1 PM una \u201cmegamarcha por la memoria y la justicia\u201d en seis ciudades de Veracruz, con la consigna \u201c\u00a1Nuestros compa\u00f1eros no son un n\u00famero m\u00e1s!\u201d, y la imagen de un mo\u00f1o negro.<\/p>\n<p class=\"nota-justify\">En Xalapa, la caminata ser\u00eda del Teatro del Estado a la Rector\u00eda, pasando por el Centro, mientras que en Poza Rica la ruta es de la Unidad de Ciencias de la Salud al Palacio Municipal, y en Tuxpan, del Monumento a los Ni\u00f1os H\u00e9roes a la Plaza C\u00edvica.<\/p>\n<p class=\"nota-justify\">En Veracruz, la marcha del viernes ser\u00eda del Paseo Mart\u00ed a la Vicerrector\u00eda, pasando por la Facultad de Ingenier\u00eda; en Orizaba, de la Iglesia de los Dolores a la Vicerrector\u00eda, y en Coatzacoalcos, se realizar\u00e1 una concentraci\u00f3n en el campus de la UV de dicha ciudad.<\/p>\n<p class=\"nota-justify\">\u201cExijamos pac\u00edficamente justicia y transparencia a las autoridades federales, estatales y universitarias\u201d, se\u00f1alaron los responsables del perfil de Facebook \u201cNido Estudiantil UV\u201d, los cuales llamaron a evitar enfrentamientos durante las caminatas.<\/p>\n<p class=\"nota-justify\">Tambi\u00e9n en redes sociales, este domingo se dio a conocer el video de una estudiante de la UV que exige a las autoridades del gobierno estatal la localizaci\u00f3n de unos 200 j\u00f3venes que cursan licenciaturas en la Facultad de Ciencias de la Salud, de la regi\u00f3n Poza Rica-Tuxpan.<\/p>\n<p class=\"nota-justify\">\u201cQueremos saber d\u00f3nde est\u00e1n. \u00a1El privilegio los nubla, porque ni siquiera se pudieron parar (funcionarios gubernamentales) para hablar con nosotros!, \u00bfd\u00f3nde est\u00e1n nuestros compa\u00f1eros? Est\u00e1n sin localizar alrededor de 192, solamente de Ciencias de la Salud, pero hay much\u00edsimos m\u00e1s que restaban en otros lugares que tambi\u00e9n est\u00e1n desaparecidos y no nos dicen nada\u201d, reclam\u00f3 la joven.<\/p>\n<p class=\"nota-justify\">\u201cSus familias los han estado buscando, nosotros como compa\u00f1eros tambi\u00e9n, pero no nos dicen nada y todo ocultan. Nos obligaron a venir a clases. Muchos de nuestros compa\u00f1eros se quedaron durmiendo (durante las inundaciones), no pudieron hacer nada y, por m\u00e1s que intentaron correr, no pudieron hacer nada. \u00a1La gobernadora ni siquiera hace nada!, \u00bfd\u00f3nde est\u00e1 su apoyo?\u201d, denunci\u00f3 la estudiante.<\/p>\n","protected":false},"excerpt":{"rendered":"<p>Estudiantes de la Universidad Veracruzana (UV) anunciaron que realizar\u00e1n una marcha el pr\u00f3ximo viernes en diversas ciudades del estado en<\/p>\n","protected":false},"author":4,"featured_media":72719,"comment_status":"closed","ping_status":"closed","sticky":false,"template":"","format":"standard","meta":{"colormag_page_container_layout":"default_layout","colormag_page_sidebar_layout":"default_layout","_jetpack_memberships_contains_paid_content":false,"footnotes":"","jetpack_publicize_message":"","jetpack_publicize_feature_enabled":true,"jetpack_social_post_already_shared":true,"jetpack_social_options":{"image_generator_settings":{"template":"highway","default_image_id":0,"font":"","enabled":false},"version":2}},"categories":[30],"tags":[],"class_list":["post-72718","post","type-post","status-publish","format-standard","has-post-thumbnail","hentry","category-estados"],"jetpack_publicize_connections":[],"jetpack_featured_media_url":"https:\/\/i0.wp.com\/politicosaldesnudo.com.mx\/wp-content\/uploads\/2025\/10\/INUN.jpg?fit=767%2C493&ssl=1","jetpack-related-posts":[],"jetpack_sharing_enabled":true,"_links":{"self":[{"href":"https:\/\/politicosaldesnudo.com.mx\/index.php\/wp-json\/wp\/v2\/posts\/72718","targetHints":{"allow":["GET"]}}],"collection":[{"href":"https:\/\/politicosaldesnudo.com.mx\/index.php\/wp-json\/wp\/v2\/posts"}],"about":[{"href":"https:\/\/politicosaldesnudo.com.mx\/index.php\/wp-json\/wp\/v2\/types\/post"}],"author":[{"embeddable":true,"href":"https:\/\/politicosaldesnudo.com.mx\/index.php\/wp-json\/wp\/v2\/users\/4"}],"replies":[{"embeddable":true,"href":"https:\/\/politicosaldesnudo.com.mx\/index.php\/wp-json\/wp\/v2\/comments?post=72718"}],"version-history":[{"count":0,"href":"https:\/\/politicosaldesnudo.com.mx\/index.php\/wp-json\/wp\/v2\/posts\/72718\/revisions"}],"wp:featuredmedia":[{"embeddable":true,"href":"https:\/\/politicosaldesnudo.com.mx\/index.php\/wp-json\/wp\/v2\/media\/72719"}],"wp:attachment":[{"href":"https:\/\/politicosaldesnudo.com.mx\/index.php\/wp-json\/wp\/v2\/media?parent=72718"}],"wp:term":[{"taxonomy":"category","embeddable":true,"href":"https:\/\/politicosaldesnudo.com.mx\/index.php\/wp-json\/wp\/v2\/categories?post=72718"},{"taxonomy":"post_tag","embeddable":true,"href":"https:\/\/politicosaldesnudo.com.mx\/index.php\/wp-json\/wp\/v2\/tags?post=72718"}],"curies":[{"name":"wp","href":"https:\/\/api.w.org\/{rel}","templated":true}]}}