{"id":72721,"date":"2025-10-13T00:57:04","date_gmt":"2025-10-13T06:57:04","guid":{"rendered":"https:\/\/politicosaldesnudo.com.mx\/?p=72721"},"modified":"2025-10-13T00:57:04","modified_gmt":"2025-10-13T06:57:04","slug":"rehabilita-marina-del-pilar-centro-historico-de-tijuana","status":"publish","type":"post","link":"https:\/\/politicosaldesnudo.com.mx\/index.php\/2025\/10\/13\/rehabilita-marina-del-pilar-centro-historico-de-tijuana\/","title":{"rendered":"Rehabilita Marina del Pilar Centro Hist\u00f3rico de Tijuana"},"content":{"rendered":"<p>La revitalizaci\u00f3n de espacios urbanos avanza en Baja California, luego que la gobernadora Marina del Pilar Avila Olmeda encabez\u00f3 la inauguraci\u00f3n oficial del andador de la avenida Revoluci\u00f3n, obra de infraestructura que influir\u00e1 en la reactivaci\u00f3n econ\u00f3mica en la Zona Centro, al atraer visitantes locales y extranjeros, fortalecer el comercio y la actividad cultural, adem\u00e1s de fomentar la convivencia social y familiar.<\/p>\n<p>En su discurso, la mandataria resalt\u00f3 la suma de esfuerzos de los gobiernos estatal y municipal para renovar este espacio p\u00fablico y devolverle su vocaci\u00f3n cultural, a trav\u00e9s de un proyecto que representa modernizaci\u00f3n, identidad y orgullo para la ciudadan\u00eda.<\/p>\n<p>\u201cEsto es lo que merece Tijuana, estos espacios son Tijuana y lo que representa, sus comerciantes, ciudadanos, y la cultura como herramienta de la transformaci\u00f3n y para el bienestar de las familias. Estos proyectos van a continuar para rescatar los espacios que le pertenecen a la ciudadan\u00eda\u201d, indic\u00f3.<\/p>\n<p>Adem\u00e1s, reafirm\u00f3 el compromiso de la administraci\u00f3n estatal con la mejora de los servicios p\u00fablicos y el desarrollo de espacios accesibles y seguros para la ciudadan\u00eda, con la visi\u00f3n de transformar de manera integral los siete municipios, no solo desde la infraestructura, sino desde los \u00e1mbitos cultural y social.<\/p>\n<p>Asimismo, plante\u00f3 que el regreso de actividades art\u00edsticas a la avenida Revoluci\u00f3n, como m\u00fasica, actos circenses y teatrales, entre otras, contribuir\u00e1 a la reconstrucci\u00f3n del tejido social y la promoci\u00f3n de la cultura como motor de comunidad y bienestar.<\/p>\n<p>Como parte de la obra de construcci\u00f3n fueron colocados 4 mil 550 metros cuadrados de concreto y mil 350 de piedra p\u00f3rfido en pavimento y banquetas, as\u00ed como cenefa de cuarzo, bancas y bases de luminarias. La instalaci\u00f3n de red el\u00e9ctrica, fibra \u00f3ptica y reforestaci\u00f3n fue efectuada en coordinaci\u00f3n con el Ayuntamiento de Tijuana.<\/p>\n<p>Por otra parte, Avila Olmeda destac\u00f3 que el proyecto incluy\u00f3 la modernizaci\u00f3n del sistema de drenaje sanitario en ese sector de la avenida Revoluci\u00f3n, mismo que no hab\u00eda sido actualizado en m\u00e1s de 50 a\u00f1os.<\/p>\n<p>Al respecto, el director general de la Comisi\u00f3n Estatal de Servicios P\u00fablicos de Tijuana (CESPT), Jes\u00fas Garc\u00eda Castro a\u00f1adi\u00f3 que las obras hidr\u00e1ulica y de saneamiento abarcaron el reemplazo de tuber\u00edas deterioradas e instalaci\u00f3n de nuevas conexiones para garantizar un suministro eficiente, as\u00ed como la instalaci\u00f3n de rejillas y red de tuber\u00eda pluvial.<\/p>\n<p>\u201cLa rehabilitaci\u00f3n integral de esta vialidad no solo contribuye a una mejor imagen urbana, sino que fortalece el desarrollo econ\u00f3mico y tur\u00edstico del coraz\u00f3n de Tijuana, al garantizar una infraestructura confiable y moderna en las pr\u00f3ximas d\u00e9cadas\u201d, concluy\u00f3.<\/p>\n","protected":false},"excerpt":{"rendered":"<p>La revitalizaci\u00f3n de espacios urbanos avanza en Baja California, luego que la gobernadora Marina del Pilar Avila Olmeda encabez\u00f3 la<\/p>\n","protected":false},"author":4,"featured_media":72722,"comment_status":"closed","ping_status":"closed","sticky":false,"template":"","format":"standard","meta":{"colormag_page_container_layout":"default_layout","colormag_page_sidebar_layout":"default_layout","_jetpack_memberships_contains_paid_content":false,"footnotes":"","jetpack_publicize_message":"","jetpack_publicize_feature_enabled":true,"jetpack_social_post_already_shared":true,"jetpack_social_options":{"image_generator_settings":{"template":"highway","default_image_id":0,"font":"","enabled":false},"version":2}},"categories":[30],"tags":[],"class_list":["post-72721","post","type-post","status-publish","format-standard","has-post-thumbnail","hentry","category-estados"],"jetpack_publicize_connections":[],"jetpack_featured_media_url":"https:\/\/i0.wp.com\/politicosaldesnudo.com.mx\/wp-content\/uploads\/2025\/10\/MARI.jpg?fit=691%2C498&ssl=1","jetpack-related-posts":[],"jetpack_sharing_enabled":true,"_links":{"self":[{"href":"https:\/\/politicosaldesnudo.com.mx\/index.php\/wp-json\/wp\/v2\/posts\/72721","targetHints":{"allow":["GET"]}}],"collection":[{"href":"https:\/\/politicosaldesnudo.com.mx\/index.php\/wp-json\/wp\/v2\/posts"}],"about":[{"href":"https:\/\/politicosaldesnudo.com.mx\/index.php\/wp-json\/wp\/v2\/types\/post"}],"author":[{"embeddable":true,"href":"https:\/\/politicosaldesnudo.com.mx\/index.php\/wp-json\/wp\/v2\/users\/4"}],"replies":[{"embeddable":true,"href":"https:\/\/politicosaldesnudo.com.mx\/index.php\/wp-json\/wp\/v2\/comments?post=72721"}],"version-history":[{"count":0,"href":"https:\/\/politicosaldesnudo.com.mx\/index.php\/wp-json\/wp\/v2\/posts\/72721\/revisions"}],"wp:featuredmedia":[{"embeddable":true,"href":"https:\/\/politicosaldesnudo.com.mx\/index.php\/wp-json\/wp\/v2\/media\/72722"}],"wp:attachment":[{"href":"https:\/\/politicosaldesnudo.com.mx\/index.php\/wp-json\/wp\/v2\/media?parent=72721"}],"wp:term":[{"taxonomy":"category","embeddable":true,"href":"https:\/\/politicosaldesnudo.com.mx\/index.php\/wp-json\/wp\/v2\/categories?post=72721"},{"taxonomy":"post_tag","embeddable":true,"href":"https:\/\/politicosaldesnudo.com.mx\/index.php\/wp-json\/wp\/v2\/tags?post=72721"}],"curies":[{"name":"wp","href":"https:\/\/api.w.org\/{rel}","templated":true}]}}