{"id":72724,"date":"2025-10-13T00:58:55","date_gmt":"2025-10-13T06:58:55","guid":{"rendered":"https:\/\/politicosaldesnudo.com.mx\/?p=72724"},"modified":"2025-10-13T00:58:55","modified_gmt":"2025-10-13T06:58:55","slug":"a-48-horas-que-inicio-la-inundacion-alamo-veracruz-sigue-sin-luz-sin-telefono-y-practicamente-sin-ayuda","status":"publish","type":"post","link":"https:\/\/politicosaldesnudo.com.mx\/index.php\/2025\/10\/13\/a-48-horas-que-inicio-la-inundacion-alamo-veracruz-sigue-sin-luz-sin-telefono-y-practicamente-sin-ayuda\/","title":{"rendered":"A 48 horas que inici\u00f3 la inundaci\u00f3n, \u00c1lamo, Veracruz sigue sin luz, sin tel\u00e9fono y pr\u00e1cticamente sin ayuda"},"content":{"rendered":"<p class=\"nota-justify\">A m\u00e1s de 48 horas de ocurrida la inundaci\u00f3n que devast\u00f3 este municipio veracruzano, decenas de colonias siguen anegadas o con graves afectaciones, ya que a diferencia de Poza Rica -donde el agua sigui\u00f3 su curso y baj\u00f3 m\u00e1s r\u00e1pido-, aqu\u00ed los encharcamientos no se han podido desfogar.<\/p>\n<p>Sin electricidad, sin agua corriente y sin se\u00f1al telef\u00f3nica ni de Internet, los habitantes tratan de retornar poco a poco a su vida normal, sacando lodo de sus casas y negocios, pero la falta de comida y de agua hace que todo se vuelva m\u00e1s dif\u00edcil de lo que ya es, y la ayuda de las instituciones comienza a llegar pero con tardanza.<\/p>\n<p class=\"nota-justify\">\u201cDesde que empez\u00f3 esto, el jueves en la noche, estamos sin agua y sin luz. Yo vivo en el piso de arriba de mi casa y el agua subi\u00f3 hasta all\u00e1, como a tres metros y medio. Y de atenci\u00f3n, la mera verdad, no. (Los uniformados) pasan por la carretera, pero aqu\u00ed pr\u00e1cticamente no ha habido ayuda\u201d, cuenta un vecino de la colonia Heroica que prefiere o decir su nombre.<\/p>\n<p class=\"nota-justify\">En este asentamiento, las coladeras ya botan el agua que reciben, totalmente rebasadas, y las personas se ven obligadas a enjuagar las pertenencias que alcanzaron a rescatar en las pozas de agua sucia que se forman en las calles.<\/p>\n<p class=\"nota-justify\">Un vecino de la colonia L\u00f3pez Arias, taxista de profesi\u00f3n, se queja de la falta de ayuda de las autoridades. \u201cBrillan por su ausencia. Ahorita nada m\u00e1s es la gente de las comunidades la que est\u00e1 llegando a dar comida, agua, pero de parte del gobierno&#8230; ni existen esos cabrones\u201d, dice el hombre con mirada llorosa, pero tambi\u00e9n enojada.<\/p>\n<p class=\"nota-justify\">Una de las zonas m\u00e1s afectadas de \u00c1lamo es la colonia Aviaci\u00f3n y otros asentamientos aleda\u00f1os, que al no tener una salida clara para el agua, se han convertido en una especie de \u201colla\u201d donde se ha acumulado el l\u00edquido.<\/p>\n<p class=\"nota-justify\">Fabi\u00e1n, trabajador del ayuntamiento, pedalea por las calles rumbo a la casa de un amigo para ayudarlo a sacar sus pertenencias de la inundaci\u00f3n, pero se da tiempo para admitir que lo que ocurri\u00f3 en este localidad tambi\u00e9n es culpa de los seres humanos.<\/p>\n<p class=\"nota-justify\">\u201cEste es un aviso de la naturaleza. As\u00ed como nosotros le arrojamos basura, as\u00ed ella nos la devuelve. Y los soldados, ah\u00ed viendo. Yo le dije a unos \u2018hey, ay\u00fadanos a sacar a la gente, y me dicen: no, no podemos. \u00bfEntonces qu\u00e9 hacen aqu\u00ed?\u201d<\/p>\n<p class=\"nota-justify\">Conforme pasan las horas, y con la visita de la presidenta Claudia Sheinbaum a la regi\u00f3n, cada vez se presentan m\u00e1s elementos de la Marina, la Guardia Nacional y el Ej\u00e9rcito, pero son brigadas de voluntarios civiles los que m\u00e1s asumen la tarea de ayudar a la gente y repartirles comida, agua y ropa.<\/p>\n<p class=\"nota-justify\">Un grupo de personas, con palas y escobas, camina por las cercan\u00edas del mercado El Barz\u00f3n, buscando d\u00f3nde pueden brindar su ayuda. Un joven, de pocas palabras, ilustra la actitud de muchas personas que han dejado de esperar a las autoridades y han tomado la labor de rescatarse con sus propias manos.<\/p>\n<p class=\"nota-justify\">&#8212; \u00bfPor qu\u00e9 no se aparece la Marina por aqu\u00ed? \u2013 se le pregunta.<\/p>\n<p class=\"nota-justify\">&#8212; \u201cPues&#8230; equis\u201d, dice, encogi\u00e9ndose de hombros. \u201cComo quiera nosotros lo hacemos voluntariamente. No hay pierde\u201d.<\/p>\n","protected":false},"excerpt":{"rendered":"<p>A m\u00e1s de 48 horas de ocurrida la inundaci\u00f3n que devast\u00f3 este municipio veracruzano, decenas de colonias siguen anegadas o<\/p>\n","protected":false},"author":4,"featured_media":72725,"comment_status":"closed","ping_status":"closed","sticky":false,"template":"","format":"standard","meta":{"colormag_page_container_layout":"default_layout","colormag_page_sidebar_layout":"default_layout","_jetpack_memberships_contains_paid_content":false,"footnotes":"","jetpack_publicize_message":"","jetpack_publicize_feature_enabled":true,"jetpack_social_post_already_shared":true,"jetpack_social_options":{"image_generator_settings":{"template":"highway","default_image_id":0,"font":"","enabled":false},"version":2}},"categories":[30],"tags":[],"class_list":["post-72724","post","type-post","status-publish","format-standard","has-post-thumbnail","hentry","category-estados"],"jetpack_publicize_connections":[],"jetpack_featured_media_url":"https:\/\/i0.wp.com\/politicosaldesnudo.com.mx\/wp-content\/uploads\/2025\/10\/ALAM.jpg?fit=694%2C481&ssl=1","jetpack-related-posts":[],"jetpack_sharing_enabled":true,"_links":{"self":[{"href":"https:\/\/politicosaldesnudo.com.mx\/index.php\/wp-json\/wp\/v2\/posts\/72724","targetHints":{"allow":["GET"]}}],"collection":[{"href":"https:\/\/politicosaldesnudo.com.mx\/index.php\/wp-json\/wp\/v2\/posts"}],"about":[{"href":"https:\/\/politicosaldesnudo.com.mx\/index.php\/wp-json\/wp\/v2\/types\/post"}],"author":[{"embeddable":true,"href":"https:\/\/politicosaldesnudo.com.mx\/index.php\/wp-json\/wp\/v2\/users\/4"}],"replies":[{"embeddable":true,"href":"https:\/\/politicosaldesnudo.com.mx\/index.php\/wp-json\/wp\/v2\/comments?post=72724"}],"version-history":[{"count":0,"href":"https:\/\/politicosaldesnudo.com.mx\/index.php\/wp-json\/wp\/v2\/posts\/72724\/revisions"}],"wp:featuredmedia":[{"embeddable":true,"href":"https:\/\/politicosaldesnudo.com.mx\/index.php\/wp-json\/wp\/v2\/media\/72725"}],"wp:attachment":[{"href":"https:\/\/politicosaldesnudo.com.mx\/index.php\/wp-json\/wp\/v2\/media?parent=72724"}],"wp:term":[{"taxonomy":"category","embeddable":true,"href":"https:\/\/politicosaldesnudo.com.mx\/index.php\/wp-json\/wp\/v2\/categories?post=72724"},{"taxonomy":"post_tag","embeddable":true,"href":"https:\/\/politicosaldesnudo.com.mx\/index.php\/wp-json\/wp\/v2\/tags?post=72724"}],"curies":[{"name":"wp","href":"https:\/\/api.w.org\/{rel}","templated":true}]}}