{"id":72736,"date":"2025-10-13T01:05:05","date_gmt":"2025-10-13T07:05:05","guid":{"rendered":"https:\/\/politicosaldesnudo.com.mx\/?p=72736"},"modified":"2025-10-13T01:05:05","modified_gmt":"2025-10-13T07:05:05","slug":"militarizacion-de-quito-no-neutralizo-el-paro-nacional","status":"publish","type":"post","link":"https:\/\/politicosaldesnudo.com.mx\/index.php\/2025\/10\/13\/militarizacion-de-quito-no-neutralizo-el-paro-nacional\/","title":{"rendered":"Militarizaci\u00f3n de Quito no neutraliz\u00f3 el paro nacional"},"content":{"rendered":"<p class=\"nota-justify\">Alrededor de siete mil polic\u00edas y militares intentaron cerrar las v\u00edas de acceso a Quito para impedir la movilizaci\u00f3n popular, campesina e ind\u00edgena convocada para este 12 de octubre, se\u00f1alado por las organizaciones sociales como el D\u00eda de la Resistencia. Al contrario, en diversos puntos de la capital ecuatoriana las manifestaciones bloquearon las principales avenidas, pero tambi\u00e9n fueron reprimidas con una gran cantidad de gases lacrim\u00f3genos.<\/p>\n<p class=\"nota-justify\">En el d\u00eda 21 de del paro nacional, adem\u00e1s, se detuvo a un n\u00famero no precisado de personas por portar carteles, capuchas o alg\u00fan distintivo a favor de la protesta. Los polic\u00edas ingresaron a buses y estaciones de transporte para detener a ind\u00edgenas que supuestamente llegaban o sal\u00edan de Quito. Muchos de ellos denunciaron racismo porque los reten\u00edan por su vestimenta o apariencia f\u00edsica.<\/p>\n<p class=\"nota-justify\">Asimismo, la Confederaci\u00f3n de Nacionalidades Ind\u00edgenas del Ecuador (Conaie) denunci\u00f3 infiltraci\u00f3n de polic\u00edas en las protestas. Por ejemplo, en la comunidad San Miguel del Com\u00fan, al norte de Quito, los moradores difundieron videos en los que se observa la presencia de personas encapuchadas que operan junto a la Polic\u00eda ingresaban a las casas de los comuneros. Por eso, la Conaie alert\u00f3 \u201csobre la presencia de infiltrados, acciones de falsa bandera y falsos positivos, utilizados por el gobierno, la polic\u00eda y las fuerzas armadas para generar caos y justificar el uso desproporcionado de la fuerza\u201d.<\/p>\n<p class=\"nota-justify\">Sin embargo, las protestas no solo ocurrieron en Quito. En las provincias de Imbabura, Chimborazo y Guayas, entre otras hubo movilizaciones de rechazo a las medidas econ\u00f3micas aplicadas por el presidente Daniel Noboa con base al programa dispuesto por el Fondo Monetario Internacional. En la agenda del paro se exige reducir el IVA, eliminar el incremento del precio del di\u00e9sel, derogar las medidas y leyes a favor de la miner\u00eda y de la condonaci\u00f3n de las deudas de los principales grupos econ\u00f3micos, entre ellos las de la corporaci\u00f3n Noboa, de la familia del mandatario ecuatoriano.<\/p>\n<p class=\"nota-justify\">El gobierno por su parte instal\u00f3 el llamado Puesto de Mando Unificado (PMU) desde donde monitore\u00f3 la protesta nacional, pero desde ah\u00ed no se inform\u00f3 sobre los bloqueos y n\u00famero de detenciones, tampoco de heridos y da\u00f1os en las carreteras. El ministro del Interior, John Reimberg, solo emiti\u00f3 una declaraci\u00f3n desde su cuenta de X, alrededor del mediod\u00eda: \u201cNos encontramos monitoreando y coordinando acciones interinstitucionales de forma permanente a nivel nacional. Seguimos trabajando. Quito est\u00e1 en paz\u201d.<\/p>\n<p class=\"nota-justify\">Reimberg agreg\u00f3 que durante los sobrevuelos algunos manifestantes lanzaron proyectiles hacia los helic\u00f3pteros, por lo que \u201cPolic\u00eda Nacional tuvo que actuar\u201d. Y acot\u00f3: \u201cHemos dicho, hemos sido muy claros: vamos a mantener el orden, vamos a mantener la paz. En eso estamos trabajando como Bloque de Seguridad. Est\u00e1 desplegado un gran personal de Polic\u00eda Nacional y de Fuerzas Armadas\u201d.<\/p>\n<p class=\"nota-justify\">Durante los d\u00edas previos a la protesta de este domingo, el gobierno dispuso la movilizaci\u00f3n general de polic\u00edas y militares, traslad\u00f3 a miles de ellos desde distintas ciudades, en medio de la declaraci\u00f3n del estado de excepci\u00f3n en 16 provincias y el toque de queda en 5 de ellas. Incluso, el mismo Noboa advirti\u00f3: \u201cNadie puede venir a tomarse por la fuerza la capital de todos los ecuatorianos. A los que eligen la violencia, los espera la ley. A los que act\u00faan como delincuentes, se los tratar\u00e1 como delincuentes\u201d, dijo en su cuenta de X.<\/p>\n<p class=\"nota-justify\">Los dirigentes se\u00f1alaron que las movilizaciones continuar\u00e1n durante esta semana, en diversas ciudades, luego de que la lluvia cayera en la capital y se dispersara la protesta. Al caer la tarde la polic\u00eda logr\u00f3 despejar las v\u00edas de algunas zonas de Quito y tambi\u00e9n concentr\u00f3 sus operativos en las carreteras de acceso para facilitar el tr\u00e1nsito de retorno de quienes salieron en el feriado que concluy\u00f3 ayer, feriado decretado por el gobierno durante cuatro d\u00edas para afectar a la protesta social. Sin embargo, llegada la noche se activaron nuevos puntos de protesta en la zona norte de Quito y en la provincia de Imbabura.<\/p>\n","protected":false},"excerpt":{"rendered":"<p>Alrededor de siete mil polic\u00edas y militares intentaron cerrar las v\u00edas de acceso a Quito para impedir la movilizaci\u00f3n popular,<\/p>\n","protected":false},"author":4,"featured_media":72737,"comment_status":"closed","ping_status":"closed","sticky":false,"template":"","format":"standard","meta":{"colormag_page_container_layout":"default_layout","colormag_page_sidebar_layout":"default_layout","_jetpack_memberships_contains_paid_content":false,"footnotes":"","jetpack_publicize_message":"","jetpack_publicize_feature_enabled":true,"jetpack_social_post_already_shared":true,"jetpack_social_options":{"image_generator_settings":{"template":"highway","default_image_id":0,"font":"","enabled":false},"version":2}},"categories":[28],"tags":[],"class_list":["post-72736","post","type-post","status-publish","format-standard","has-post-thumbnail","hentry","category-internacional"],"jetpack_publicize_connections":[],"jetpack_featured_media_url":"https:\/\/i0.wp.com\/politicosaldesnudo.com.mx\/wp-content\/uploads\/2025\/10\/MILI.jpg?fit=753%2C474&ssl=1","jetpack-related-posts":[],"jetpack_sharing_enabled":true,"_links":{"self":[{"href":"https:\/\/politicosaldesnudo.com.mx\/index.php\/wp-json\/wp\/v2\/posts\/72736","targetHints":{"allow":["GET"]}}],"collection":[{"href":"https:\/\/politicosaldesnudo.com.mx\/index.php\/wp-json\/wp\/v2\/posts"}],"about":[{"href":"https:\/\/politicosaldesnudo.com.mx\/index.php\/wp-json\/wp\/v2\/types\/post"}],"author":[{"embeddable":true,"href":"https:\/\/politicosaldesnudo.com.mx\/index.php\/wp-json\/wp\/v2\/users\/4"}],"replies":[{"embeddable":true,"href":"https:\/\/politicosaldesnudo.com.mx\/index.php\/wp-json\/wp\/v2\/comments?post=72736"}],"version-history":[{"count":0,"href":"https:\/\/politicosaldesnudo.com.mx\/index.php\/wp-json\/wp\/v2\/posts\/72736\/revisions"}],"wp:featuredmedia":[{"embeddable":true,"href":"https:\/\/politicosaldesnudo.com.mx\/index.php\/wp-json\/wp\/v2\/media\/72737"}],"wp:attachment":[{"href":"https:\/\/politicosaldesnudo.com.mx\/index.php\/wp-json\/wp\/v2\/media?parent=72736"}],"wp:term":[{"taxonomy":"category","embeddable":true,"href":"https:\/\/politicosaldesnudo.com.mx\/index.php\/wp-json\/wp\/v2\/categories?post=72736"},{"taxonomy":"post_tag","embeddable":true,"href":"https:\/\/politicosaldesnudo.com.mx\/index.php\/wp-json\/wp\/v2\/tags?post=72736"}],"curies":[{"name":"wp","href":"https:\/\/api.w.org\/{rel}","templated":true}]}}