{"id":72745,"date":"2025-10-13T01:12:20","date_gmt":"2025-10-13T07:12:20","guid":{"rendered":"https:\/\/politicosaldesnudo.com.mx\/?p=72745"},"modified":"2025-10-13T01:12:20","modified_gmt":"2025-10-13T07:12:20","slug":"hay-un-nuevo-ganadero-jose-ramiro-lopez-obrador","status":"publish","type":"post","link":"https:\/\/politicosaldesnudo.com.mx\/index.php\/2025\/10\/13\/hay-un-nuevo-ganadero-jose-ramiro-lopez-obrador\/","title":{"rendered":"Hay un nuevo ganadero: Jos\u00e9 Ramiro L\u00f3pez Obrador"},"content":{"rendered":"<p>M\u00e9xico tiene un nuevo ganadero.<\/p>\n<p>Y como el reci\u00e9n descubierto\u00a0<strong>Ad\u00e1n Augusto L\u00f3pez<\/strong>, es de Tabasco, vive en Tabasco y es secretario de Gobierno de Tabasco.<\/p>\n<p>Por las investigaciones del periodista\u00a0<strong>Audelino Macario<\/strong>, nos enteramos el fin de semana de la vocaci\u00f3n desconocida de terrateniente de\u00a0<strong>Jos\u00e9 Ramiro L\u00f3pez Obrador<\/strong>.<\/p>\n<p>S\u00ed, el hermano mayor del expresidente\u00a0<strong>Andr\u00e9s Manuel L\u00f3pez Obrador<\/strong>, quien inici\u00f3 la acumulaci\u00f3n de tierras en 2004 cuando era presidente municipal de Macuspana.<\/p>\n<p>En poco m\u00e1s de dos d\u00e9cadas ha multiplicado sus propiedades hasta sumar 13 ranchos con \u201calrededor de 600 hect\u00e1reas\u201d o m\u00e1s de seis millones de metros cuadrados.<\/p>\n<p>En total m\u00e1s de nueve millones de pesos invertidos.<\/p>\n<p>De ellos, ocho fueron adquiridos entre 2018 y 2024, qu\u00e9 casualidad, cuando\u00a0<strong>Andr\u00e9s Manuel<\/strong>\u00a0era presidente de la Rep\u00fablica y quer\u00eda imponer a todos los mexicanos la\u00a0<strong><em>humildad franciscana<\/em><\/strong>.<\/p>\n<p>En ese tiempo, abunda\u00a0<strong>Audelino Macario<\/strong>,\u00a0<strong>Jos\u00e9 Ramiro L\u00f3pez Obrador\u00a0<\/strong>pag\u00f3 6.9 millones de pesos \u201ccomo pagan los nuevos millonarios, en efectivo y de contado\u201d.<\/p>\n<p><strong>20 A\u00d1OS DE SILENCIO<\/strong><\/p>\n<p>Hasta ah\u00ed la informaci\u00f3n de\u00a0<strong>Audelino Macario<\/strong>.<\/p>\n<p>Ahora le damos nuevos elementos.<\/p>\n<p>Esas tierras no est\u00e1n ociosas sino, como las de\u00a0<strong>Ad\u00e1n Augusto L\u00f3pez<\/strong>, en ellas pacen cientos o quiz\u00e1 miles de reses desde hace m\u00e1s de dos decenios porque\u00a0<strong>Jos\u00e9 Ramiro L\u00f3pez Obrador<\/strong>\u00a0tambi\u00e9n es ganadero.<\/p>\n<p>\u00bfDesde cu\u00e1ndo?<\/p>\n<p>La informaci\u00f3n recabada por un grupo de investigadores, entre ellos miembros de la Uni\u00f3n Ganadera Regional de Tabasco, se remonta a 2004 con la adquisici\u00f3n de 634 reses.<\/p>\n<p>Durante m\u00e1s de cuatro lustros fue un misterio la forma de manejar, engordar, reproducir, vender, ganar, reponer y en general c\u00f3mo explot\u00f3 su propio hato.<\/p>\n<p>Ahora, en la declaraci\u00f3n patrimonial del 2025 aparece el mismo n\u00famero de cabezas pero, se preguntan ganaderos de larga trayectoria, \u00bfqu\u00e9 vacuno vive 21 a\u00f1os?<\/p>\n<p>Y m\u00e1s:<\/p>\n<p>\u00bfAcaso no se reprodujeron, si por experiencia un vientre tiene cr\u00eda al menos cada dos a\u00f1os, para duplicarse -siempre en cuenta conservadora- en un bienio?<\/p>\n<p>Nada de esto aparece en las declaraciones patrimoniales de\u00a0<strong>Jos\u00e9 Ramiro L\u00f3pez Obrador<\/strong>, dice el periodista\u00a0<strong>Audelino Macario<\/strong>, quien promete nuevas revelaciones y aqu\u00ed adelantamos una.<\/p>\n<p><strong>PLUMAJE IMPOLUTO<\/strong><\/p>\n<p>1.- Aqu\u00ed entre nos, es de admirarse\u00a0<strong>Andr\u00e9s Manuel L\u00f3pez Obrador<\/strong>.<\/p>\n<p>No ha ca\u00eddo en la tentaci\u00f3n de acumular riqueza como varios familiares ni en la b\u00fasqueda de beneficios cuestionables como los sobres recibidos por sus hermanos\u00a0<strong>P\u00edo\u00a0<\/strong>y\u00a0<strong>Mart\u00edn L\u00f3pez Obrador<\/strong>.<\/p>\n<p>De otra parte, tampoco sus v\u00e1stagos muestran asimilaci\u00f3n de su supuesto ejemplo y vocaci\u00f3n de\u00a0<strong><em>pobreza franciscana<\/em><\/strong>, como recientemente demostr\u00f3 el viajero de Jap\u00f3n.<\/p>\n<p>\u2026y ahora\u00a0<strong>Jos\u00e9 Ramiro L\u00f3pez Obrador<\/strong>, quien ha reservado la informaci\u00f3n y por eso las dificultades de\u00a0<strong>Audelino Macario\u00a0<\/strong>para dar con todas las pistas.<\/p>\n<p>Y 2.-\u00a0<strong><em>Andy\u00a0<\/em><\/strong>\u00a0ha dejado de ser el objetivo de los suspirantes.<\/p>\n<p>Si alguna vez fue el id\u00f3neo para congraciarse con el hijo del expresidente y ganar los favores de su padre, ahora buscan otras alternativas.<\/p>\n<p>Y s\u00f3lo hay dos v\u00edas: o b\u00fasqueda directa del exmandatario de Palenque o Palacio Nacional, para lo cual necesitan intermediarios.<\/p>\n<p>Ah, los efectos de mandar al llamado corral de la ignominia el domingo antepasado, donde estuvieron\u00a0<strong>Andr\u00e9s Manuel L\u00f3pez Beltr\u00e1n<\/strong>,\u00a0<strong>Ad\u00e1n Augusto L\u00f3pez<\/strong>,\u00a0<strong>Ricardo Monreal<\/strong>,\u00a0<strong>Gerardo Fern\u00e1ndez Noro\u00f1a<\/strong>,\u00a0<strong>Luisa Mar\u00eda Alcalde<\/strong>\u2026<\/p>\n<p>Las se\u00f1ales han cambiado.<\/p>\n<p><img data-recalc-dims=\"1\" loading=\"lazy\" decoding=\"async\" class=\"aligncenter size-full wp-image-72672\" src=\"https:\/\/i0.wp.com\/politicosaldesnudo.com.mx\/wp-content\/uploads\/2025\/10\/FIRMA-EDITORIAL-PD-3.jpg?resize=800%2C98&#038;ssl=1\" alt=\"\" width=\"800\" height=\"98\" srcset=\"https:\/\/i0.wp.com\/politicosaldesnudo.com.mx\/wp-content\/uploads\/2025\/10\/FIRMA-EDITORIAL-PD-3.jpg?w=1024&amp;ssl=1 1024w, https:\/\/i0.wp.com\/politicosaldesnudo.com.mx\/wp-content\/uploads\/2025\/10\/FIRMA-EDITORIAL-PD-3.jpg?resize=300%2C37&amp;ssl=1 300w, https:\/\/i0.wp.com\/politicosaldesnudo.com.mx\/wp-content\/uploads\/2025\/10\/FIRMA-EDITORIAL-PD-3.jpg?resize=768%2C94&amp;ssl=1 768w\" sizes=\"auto, (max-width: 800px) 100vw, 800px\" \/><\/p>\n","protected":false},"excerpt":{"rendered":"<p>M\u00e9xico tiene un nuevo ganadero. Y como el reci\u00e9n descubierto\u00a0Ad\u00e1n Augusto L\u00f3pez, es de Tabasco, vive en Tabasco y es<\/p>\n","protected":false},"author":4,"featured_media":51971,"comment_status":"closed","ping_status":"closed","sticky":false,"template":"","format":"standard","meta":{"colormag_page_container_layout":"default_layout","colormag_page_sidebar_layout":"default_layout","_jetpack_memberships_contains_paid_content":false,"footnotes":"","jetpack_publicize_message":"","jetpack_publicize_feature_enabled":true,"jetpack_social_post_already_shared":true,"jetpack_social_options":{"image_generator_settings":{"template":"highway","default_image_id":0,"font":"","enabled":false},"version":2}},"categories":[26],"tags":[],"class_list":["post-72745","post","type-post","status-publish","format-standard","has-post-thumbnail","hentry","category-columnistas"],"jetpack_publicize_connections":[],"jetpack_featured_media_url":"https:\/\/i0.wp.com\/politicosaldesnudo.com.mx\/wp-content\/uploads\/2024\/12\/TELEFONO-ROJO.jpg?fit=800%2C448&ssl=1","jetpack-related-posts":[],"jetpack_sharing_enabled":true,"_links":{"self":[{"href":"https:\/\/politicosaldesnudo.com.mx\/index.php\/wp-json\/wp\/v2\/posts\/72745","targetHints":{"allow":["GET"]}}],"collection":[{"href":"https:\/\/politicosaldesnudo.com.mx\/index.php\/wp-json\/wp\/v2\/posts"}],"about":[{"href":"https:\/\/politicosaldesnudo.com.mx\/index.php\/wp-json\/wp\/v2\/types\/post"}],"author":[{"embeddable":true,"href":"https:\/\/politicosaldesnudo.com.mx\/index.php\/wp-json\/wp\/v2\/users\/4"}],"replies":[{"embeddable":true,"href":"https:\/\/politicosaldesnudo.com.mx\/index.php\/wp-json\/wp\/v2\/comments?post=72745"}],"version-history":[{"count":0,"href":"https:\/\/politicosaldesnudo.com.mx\/index.php\/wp-json\/wp\/v2\/posts\/72745\/revisions"}],"wp:featuredmedia":[{"embeddable":true,"href":"https:\/\/politicosaldesnudo.com.mx\/index.php\/wp-json\/wp\/v2\/media\/51971"}],"wp:attachment":[{"href":"https:\/\/politicosaldesnudo.com.mx\/index.php\/wp-json\/wp\/v2\/media?parent=72745"}],"wp:term":[{"taxonomy":"category","embeddable":true,"href":"https:\/\/politicosaldesnudo.com.mx\/index.php\/wp-json\/wp\/v2\/categories?post=72745"},{"taxonomy":"post_tag","embeddable":true,"href":"https:\/\/politicosaldesnudo.com.mx\/index.php\/wp-json\/wp\/v2\/tags?post=72745"}],"curies":[{"name":"wp","href":"https:\/\/api.w.org\/{rel}","templated":true}]}}