{"id":72747,"date":"2025-10-13T01:13:50","date_gmt":"2025-10-13T07:13:50","guid":{"rendered":"https:\/\/politicosaldesnudo.com.mx\/?p=72747"},"modified":"2025-10-13T01:13:50","modified_gmt":"2025-10-13T07:13:50","slug":"la-miseria-de-las-togas","status":"publish","type":"post","link":"https:\/\/politicosaldesnudo.com.mx\/index.php\/2025\/10\/13\/la-miseria-de-las-togas\/","title":{"rendered":"La miseria de las togas"},"content":{"rendered":"<p>La abogac\u00eda independiente y pensante de la Rep\u00fablica desde anta\u00f1o se ha propuesto hacer servir la cultura jur\u00eddica a favor de la justicia, o sea, en sencillas palabras, el combatir frontalmente la corrupci\u00f3n en el entorno de procuraci\u00f3n, impartici\u00f3n y administraci\u00f3n de justicia. Deber\u00eda ser \u00e9ste el destino de nuestra Naci\u00f3n; pero no siempre las cosas van como deber\u00edan de ir. Tambi\u00e9n la justicia o injusticia, para poner un claro ejemplo, pueden servir al bien o al mal, al hacer que las togas del Estado lleguen a ser m\u00e1s malas o m\u00e1s buenas, a hacer levantar el birrete en acto de dignidad o inclinar su indignidad en reprobables actos de corrupci\u00f3n.<\/p>\n<p>Lo que, a tal objeto se le sugiere que deber\u00eda de hacer nuestra Presidenta Constitucional de los Estados Unidos Mexicanos en el segundo a\u00f1o de su mandato, ser\u00eda el que razonara muy seriamente lo que acontece en relaci\u00f3n a la corrupci\u00f3n de la justicia, la que lamentablemente prosigue en su segundo piso de la Cuarta Transformaci\u00f3n de la Rep\u00fablica. Un tema de \u00edndole pol\u00edtico-jur\u00eddico, que, a primera vista, poco tiene que ver en sus mon\u00f3logos cotidianos en tribuna ma\u00f1anera, ya que cuando son difundidos especialmente en diversos medios de informaci\u00f3n, resaltan irregularidades, inexactitudes e incongruencias. Aqu\u00ed radica esencialmente el punto m\u00e1s importante, la esencia o el porqu\u00e9 de la corrupci\u00f3n en el medio de procuraci\u00f3n, impartici\u00f3n y administraci\u00f3n de justicia.<\/p>\n<p>Las desigualdades, anomal\u00edas, inexactitudes e incongruencias con las que se pretende aplicar la justicia en esta era pol\u00edtica; los estudiosos del derecho las entendemos por conceptos de los que nos tenemos que alejar, escapar, ya que el escenario en los recintos de justicia es muy diferente a lo que expresa nuestra Primera Magistrada de la Naci\u00f3n en sus notas ma\u00f1aneras.<\/p>\n<p>Para los entendidos en lides de justicia es absurdo, dif\u00edcil, detestable, penoso y doloroso, que se expresen esos conceptos desde Palacio Nacional; por ello, nos lleva a afirmar que ese entorno se encuentra cubierto de irresponsabilidades derivadas de actos de corrupci\u00f3n. La \u00fanica realidad existente es la imperiosa necesidad de efectuar un cambio y no eludirlo<\/p>\n<p>La Academia de Derecho Penal del Colegio Nacional de Abogados Foro de M\u00e9xico, no se encuentra, ni quiere encontrarse fuera de la realidad hasta el extremo de no reconocer esa imperiosa necesidad.<\/p>\n<p>Para la Primera Magistrada de la Naci\u00f3n, existe una salida para evitar desconocer el tema, adem\u00e1s de sus dichos que expresa cotidianamente. Es la salida opuesta, combatir esa denigrante corrupci\u00f3n. Dice el proverbio que los extremos se enlazan hasta tocarse.<\/p>\n<p>La opci\u00f3n viable o salida de esa corrupci\u00f3n resulta ser el bienestar de M\u00e9xico. Las togas independientes lo saben, pero s\u00f3lo a Claudia Sheinbaum Pardo, le compete pol\u00edticamente el actuar con celeridad para extinguir ese fen\u00f3meno que denigra a nuestro M\u00e9xico.<\/p>\n<p>Es cu\u00e1nto.<\/p>\n<p><img data-recalc-dims=\"1\" loading=\"lazy\" decoding=\"async\" class=\"aligncenter size-full wp-image-72672\" src=\"https:\/\/i0.wp.com\/politicosaldesnudo.com.mx\/wp-content\/uploads\/2025\/10\/FIRMA-EDITORIAL-PD-3.jpg?resize=800%2C98&#038;ssl=1\" alt=\"\" width=\"800\" height=\"98\" srcset=\"https:\/\/i0.wp.com\/politicosaldesnudo.com.mx\/wp-content\/uploads\/2025\/10\/FIRMA-EDITORIAL-PD-3.jpg?w=1024&amp;ssl=1 1024w, https:\/\/i0.wp.com\/politicosaldesnudo.com.mx\/wp-content\/uploads\/2025\/10\/FIRMA-EDITORIAL-PD-3.jpg?resize=300%2C37&amp;ssl=1 300w, https:\/\/i0.wp.com\/politicosaldesnudo.com.mx\/wp-content\/uploads\/2025\/10\/FIRMA-EDITORIAL-PD-3.jpg?resize=768%2C94&amp;ssl=1 768w\" sizes=\"auto, (max-width: 800px) 100vw, 800px\" \/><\/p>\n","protected":false},"excerpt":{"rendered":"<p>La abogac\u00eda independiente y pensante de la Rep\u00fablica desde anta\u00f1o se ha propuesto hacer servir la cultura jur\u00eddica a favor<\/p>\n","protected":false},"author":4,"featured_media":52149,"comment_status":"closed","ping_status":"closed","sticky":false,"template":"","format":"standard","meta":{"colormag_page_container_layout":"default_layout","colormag_page_sidebar_layout":"default_layout","_jetpack_memberships_contains_paid_content":false,"footnotes":"","jetpack_publicize_message":"","jetpack_publicize_feature_enabled":true,"jetpack_social_post_already_shared":true,"jetpack_social_options":{"image_generator_settings":{"template":"highway","default_image_id":0,"font":"","enabled":false},"version":2}},"categories":[26],"tags":[],"class_list":["post-72747","post","type-post","status-publish","format-standard","has-post-thumbnail","hentry","category-columnistas"],"jetpack_publicize_connections":[],"jetpack_featured_media_url":"https:\/\/i0.wp.com\/politicosaldesnudo.com.mx\/wp-content\/uploads\/2024\/12\/WOODLRICH.jpg?fit=800%2C445&ssl=1","jetpack-related-posts":[],"jetpack_sharing_enabled":true,"_links":{"self":[{"href":"https:\/\/politicosaldesnudo.com.mx\/index.php\/wp-json\/wp\/v2\/posts\/72747","targetHints":{"allow":["GET"]}}],"collection":[{"href":"https:\/\/politicosaldesnudo.com.mx\/index.php\/wp-json\/wp\/v2\/posts"}],"about":[{"href":"https:\/\/politicosaldesnudo.com.mx\/index.php\/wp-json\/wp\/v2\/types\/post"}],"author":[{"embeddable":true,"href":"https:\/\/politicosaldesnudo.com.mx\/index.php\/wp-json\/wp\/v2\/users\/4"}],"replies":[{"embeddable":true,"href":"https:\/\/politicosaldesnudo.com.mx\/index.php\/wp-json\/wp\/v2\/comments?post=72747"}],"version-history":[{"count":0,"href":"https:\/\/politicosaldesnudo.com.mx\/index.php\/wp-json\/wp\/v2\/posts\/72747\/revisions"}],"wp:featuredmedia":[{"embeddable":true,"href":"https:\/\/politicosaldesnudo.com.mx\/index.php\/wp-json\/wp\/v2\/media\/52149"}],"wp:attachment":[{"href":"https:\/\/politicosaldesnudo.com.mx\/index.php\/wp-json\/wp\/v2\/media?parent=72747"}],"wp:term":[{"taxonomy":"category","embeddable":true,"href":"https:\/\/politicosaldesnudo.com.mx\/index.php\/wp-json\/wp\/v2\/categories?post=72747"},{"taxonomy":"post_tag","embeddable":true,"href":"https:\/\/politicosaldesnudo.com.mx\/index.php\/wp-json\/wp\/v2\/tags?post=72747"}],"curies":[{"name":"wp","href":"https:\/\/api.w.org\/{rel}","templated":true}]}}