{"id":72783,"date":"2025-10-14T00:07:07","date_gmt":"2025-10-14T06:07:07","guid":{"rendered":"https:\/\/politicosaldesnudo.com.mx\/?p=72783"},"modified":"2025-10-13T21:37:17","modified_gmt":"2025-10-14T03:37:17","slug":"scjn-acepta-primera-audiencia-publica-con-grupos-sociales-escucharan-a-personas-con-discapacidad","status":"publish","type":"post","link":"https:\/\/politicosaldesnudo.com.mx\/index.php\/2025\/10\/14\/scjn-acepta-primera-audiencia-publica-con-grupos-sociales-escucharan-a-personas-con-discapacidad\/","title":{"rendered":"SCJN acepta primera audiencia p\u00fablica con grupos sociales; escuchar\u00e1n a personas con discapacidad"},"content":{"rendered":"<p class=\"nota-justify\">La Suprema Corte de Justicia de la Naci\u00f3n (SCJN) acept\u00f3 este lunes celebrar su primera audiencia p\u00fablica con grupos sociales, una figura in\u00e9dita creada en el Acuerdo General 5\/2025, aprobado por el Pleno el pasado 3 de septiembre.<\/p>\n<p class=\"nota-justify\">En esta sesi\u00f3n, que fue acordada para el pr\u00f3ximo lunes 20 de octubre a las 12 horas en la sede del alto tribunal, los ministros escuchar\u00e1n a personas con discapacidad antes de dictar una sentencia que podr\u00eda modificar el criterio que, desde hace una d\u00e9cada, ha llevado al alto tribunal a invalidar autom\u00e1ticamente las normas que afectan a este sector cuando no se les consulta previamente.<\/p>\n<p class=\"nota-justify\">Se trata de la acci\u00f3n de inconstitucionalidad 182\/2024, promovida por la Comisi\u00f3n de Derechos Humanos de Michoac\u00e1n (CDHM), cuyo an\u00e1lisis estaba previsto para este lunes en el Pleno de ministros. Sin embargo, su resoluci\u00f3n fue aplazada por segunda vez luego de que grupos de personas con discapacidad solicitaran ser escuchados antes de la deliberaci\u00f3n. El pasado 7 de octubre el caso se discuti\u00f3 parcialmente, pero su resoluci\u00f3n qued\u00f3 suspendida tras un intenso debate que dividi\u00f3 al Pleno.<\/p>\n<p class=\"nota-justify\">\u00abHemos recibido solicitud de audiencia de parte de varias organizaciones y personas interesadas en los temas que se abordan en esta acci\u00f3n de inconstitucionalidad, y quiero comunicarles que hemos tomado la decisi\u00f3n de llevar a cabo la primera audiencia p\u00fablica sobre temas relevantes y pido a todas las organizaciones que est\u00e9n atentas a la convocatoria para participar en esta audiencia p\u00fablica\u201d, dijo el ministro presidente Hugo Aguilar Ortiz.<\/p>\n<p class=\"nota-justify\">La ministra ponente, Lenia Batres Guadarrama, escribi\u00f3 en redes sociales que se comprometi\u00f3 a escuchar a las personas que piden la audiencia, de distintas organizaciones de Hidalgo, Morelos, Oaxaca, San Luis Potos\u00ed, Ciudad de M\u00e9xico y Veracruz, antes de seguir con la discusi\u00f3n del asunto.<\/p>\n<p class=\"nota-justify\">\u201cMe compromet\u00ed con sus representantes a transmitir al pleno esa solicitud, la cual fue aceptada en la sesi\u00f3n. Se ha determinado que hoy mismo estaremos emitiendo la convocatoria a una audiencia p\u00fablica para escuchar a las organizaciones que deseen participar\u201d, escribi\u00f3 Batres.<\/p>\n","protected":false},"excerpt":{"rendered":"<p>La Suprema Corte de Justicia de la Naci\u00f3n (SCJN) acept\u00f3 este lunes celebrar su primera audiencia p\u00fablica con grupos sociales,<\/p>\n","protected":false},"author":4,"featured_media":72784,"comment_status":"closed","ping_status":"closed","sticky":false,"template":"","format":"standard","meta":{"colormag_page_container_layout":"default_layout","colormag_page_sidebar_layout":"default_layout","_jetpack_memberships_contains_paid_content":false,"footnotes":"","jetpack_publicize_message":"","jetpack_publicize_feature_enabled":true,"jetpack_social_post_already_shared":true,"jetpack_social_options":{"image_generator_settings":{"template":"highway","default_image_id":0,"font":"","enabled":false},"version":2}},"categories":[33],"tags":[],"class_list":["post-72783","post","type-post","status-publish","format-standard","has-post-thumbnail","hentry","category-nacional"],"jetpack_publicize_connections":[],"jetpack_featured_media_url":"https:\/\/i0.wp.com\/politicosaldesnudo.com.mx\/wp-content\/uploads\/2025\/10\/DIS.jpg?fit=680%2C515&ssl=1","jetpack-related-posts":[],"jetpack_sharing_enabled":true,"_links":{"self":[{"href":"https:\/\/politicosaldesnudo.com.mx\/index.php\/wp-json\/wp\/v2\/posts\/72783","targetHints":{"allow":["GET"]}}],"collection":[{"href":"https:\/\/politicosaldesnudo.com.mx\/index.php\/wp-json\/wp\/v2\/posts"}],"about":[{"href":"https:\/\/politicosaldesnudo.com.mx\/index.php\/wp-json\/wp\/v2\/types\/post"}],"author":[{"embeddable":true,"href":"https:\/\/politicosaldesnudo.com.mx\/index.php\/wp-json\/wp\/v2\/users\/4"}],"replies":[{"embeddable":true,"href":"https:\/\/politicosaldesnudo.com.mx\/index.php\/wp-json\/wp\/v2\/comments?post=72783"}],"version-history":[{"count":0,"href":"https:\/\/politicosaldesnudo.com.mx\/index.php\/wp-json\/wp\/v2\/posts\/72783\/revisions"}],"wp:featuredmedia":[{"embeddable":true,"href":"https:\/\/politicosaldesnudo.com.mx\/index.php\/wp-json\/wp\/v2\/media\/72784"}],"wp:attachment":[{"href":"https:\/\/politicosaldesnudo.com.mx\/index.php\/wp-json\/wp\/v2\/media?parent=72783"}],"wp:term":[{"taxonomy":"category","embeddable":true,"href":"https:\/\/politicosaldesnudo.com.mx\/index.php\/wp-json\/wp\/v2\/categories?post=72783"},{"taxonomy":"post_tag","embeddable":true,"href":"https:\/\/politicosaldesnudo.com.mx\/index.php\/wp-json\/wp\/v2\/tags?post=72783"}],"curies":[{"name":"wp","href":"https:\/\/api.w.org\/{rel}","templated":true}]}}