{"id":72789,"date":"2025-10-14T00:09:14","date_gmt":"2025-10-14T06:09:14","guid":{"rendered":"https:\/\/politicosaldesnudo.com.mx\/?p=72789"},"modified":"2025-10-13T21:41:11","modified_gmt":"2025-10-14T03:41:11","slug":"pide-amsoc-a-diputados-mantener-la-comunicacion-ante-revision-del-t-mec","status":"publish","type":"post","link":"https:\/\/politicosaldesnudo.com.mx\/index.php\/2025\/10\/14\/pide-amsoc-a-diputados-mantener-la-comunicacion-ante-revision-del-t-mec\/","title":{"rendered":"Pide AmSoc a diputados mantener la comunicaci\u00f3n ante revisi\u00f3n del T-MEC"},"content":{"rendered":"<p class=\"nota-justify\">Ante los desaf\u00edos y oportunidades que enfrenta la regi\u00f3n de norteam\u00e9rica con la revisi\u00f3n del Tratado M\u00e9xico, Estados Unidos y Canad\u00e1 (T-MEC) en 2026, es importante mantener una comunicaci\u00f3n contraste entre sector privado y los tomadores de decisi\u00f3n del pa\u00eds, dijo\u00a0American Society of Mexico (AmSoc) a los diputados.<\/p>\n<p class=\"nota-justify\">Durante una reuni\u00f3n en el Palacio Legislativo de San L\u00e1zaro con la presidenta de la Mesa Directiva de la C\u00e1mara de Diputados, Kenia L\u00f3pez Rabad\u00e1n, Larry Rub\u00edn, presidente de AmSoc, expres\u00f3 el compromiso del organismo con el desarrollo compartido.<\/p>\n<p class=\"nota-justify\">\u201cEn esta coyuntura, la colaboraci\u00f3n bilateral debe dar un paso adelante. Si aseguramos pol\u00edticas claras y certidumbre para la inversi\u00f3n, M\u00e9xico y Estados Unidos podr\u00e1n seguir liderando juntos la competitividad global. AmSoc continuar\u00e1 impulsando cooperaci\u00f3n y acuerdos que fortalezcan la prosperidad com\u00fan\u201d, dijo Rubin.<\/p>\n<p class=\"nota-justify\">Por su parte, L\u00f3pez Rabad\u00e1n subray\u00f3 la necesidad de fortalecer la certidumbre jur\u00eddica, la infraestructura, la capacitaci\u00f3n y la confianza entre los sectores p\u00fablico y privado de ambos pa\u00edses.<\/p>\n<p class=\"nota-justify\">\u201cLa pr\u00f3xima revisi\u00f3n del T-MEC es una oportunidad para que M\u00e9xico y Estados Unidos consoliden su papel como socios estrat\u00e9gicos, ampl\u00eden su competitividad y atraigan m\u00e1s inversiones que generen bienestar a nuestras comunidades en ambos lados de la frontera\u201d, afirm\u00f3 la legisladora.<\/p>\n<p class=\"nota-justify\">En un comunicado la AmSoc reafirm\u00f3 su papel como la voz y el puente de la comunidad empresarial estadounidense en M\u00e9xico, promoviendo el di\u00e1logo constructivo con instituciones p\u00fablicas y generando sinergias que fortalezcan la cooperaci\u00f3n econ\u00f3mica entre ambos pa\u00edses.<\/p>\n<p class=\"nota-justify\">Destac\u00f3 que esta comunidad impulsa m\u00e1s del 45 por ciento de la inversi\u00f3n extranjera directa en M\u00e9xico y genera m\u00e1s de un mill\u00f3n de empleos formales, consolid\u00e1ndose como un pilar del desarrollo y la integraci\u00f3n productiva de norteam\u00e9rica.<\/p>\n","protected":false},"excerpt":{"rendered":"<p>Ante los desaf\u00edos y oportunidades que enfrenta la regi\u00f3n de norteam\u00e9rica con la revisi\u00f3n del Tratado M\u00e9xico, Estados Unidos y<\/p>\n","protected":false},"author":4,"featured_media":72790,"comment_status":"closed","ping_status":"closed","sticky":false,"template":"","format":"standard","meta":{"colormag_page_container_layout":"default_layout","colormag_page_sidebar_layout":"default_layout","_jetpack_memberships_contains_paid_content":false,"footnotes":"","jetpack_publicize_message":"","jetpack_publicize_feature_enabled":true,"jetpack_social_post_already_shared":true,"jetpack_social_options":{"image_generator_settings":{"template":"highway","default_image_id":0,"font":"","enabled":false},"version":2}},"categories":[2050],"tags":[],"class_list":["post-72789","post","type-post","status-publish","format-standard","has-post-thumbnail","hentry","category-economia"],"jetpack_publicize_connections":[],"jetpack_featured_media_url":"https:\/\/i0.wp.com\/politicosaldesnudo.com.mx\/wp-content\/uploads\/2025\/10\/DIPL.jpg?fit=770%2C430&ssl=1","jetpack-related-posts":[],"jetpack_sharing_enabled":true,"_links":{"self":[{"href":"https:\/\/politicosaldesnudo.com.mx\/index.php\/wp-json\/wp\/v2\/posts\/72789","targetHints":{"allow":["GET"]}}],"collection":[{"href":"https:\/\/politicosaldesnudo.com.mx\/index.php\/wp-json\/wp\/v2\/posts"}],"about":[{"href":"https:\/\/politicosaldesnudo.com.mx\/index.php\/wp-json\/wp\/v2\/types\/post"}],"author":[{"embeddable":true,"href":"https:\/\/politicosaldesnudo.com.mx\/index.php\/wp-json\/wp\/v2\/users\/4"}],"replies":[{"embeddable":true,"href":"https:\/\/politicosaldesnudo.com.mx\/index.php\/wp-json\/wp\/v2\/comments?post=72789"}],"version-history":[{"count":0,"href":"https:\/\/politicosaldesnudo.com.mx\/index.php\/wp-json\/wp\/v2\/posts\/72789\/revisions"}],"wp:featuredmedia":[{"embeddable":true,"href":"https:\/\/politicosaldesnudo.com.mx\/index.php\/wp-json\/wp\/v2\/media\/72790"}],"wp:attachment":[{"href":"https:\/\/politicosaldesnudo.com.mx\/index.php\/wp-json\/wp\/v2\/media?parent=72789"}],"wp:term":[{"taxonomy":"category","embeddable":true,"href":"https:\/\/politicosaldesnudo.com.mx\/index.php\/wp-json\/wp\/v2\/categories?post=72789"},{"taxonomy":"post_tag","embeddable":true,"href":"https:\/\/politicosaldesnudo.com.mx\/index.php\/wp-json\/wp\/v2\/tags?post=72789"}],"curies":[{"name":"wp","href":"https:\/\/api.w.org\/{rel}","templated":true}]}}