{"id":72801,"date":"2025-10-14T00:13:34","date_gmt":"2025-10-14T06:13:34","guid":{"rendered":"https:\/\/politicosaldesnudo.com.mx\/?p=72801"},"modified":"2025-10-13T21:48:42","modified_gmt":"2025-10-14T03:48:42","slug":"puente-lopez-portillo-en-alamo-veracruz-cerrado-indefinidamente-tras-paso-de-raymond-sict","status":"publish","type":"post","link":"https:\/\/politicosaldesnudo.com.mx\/index.php\/2025\/10\/14\/puente-lopez-portillo-en-alamo-veracruz-cerrado-indefinidamente-tras-paso-de-raymond-sict\/","title":{"rendered":"Puente L\u00f3pez Portillo en \u00c1lamo, Veracruz, cerrado indefinidamente tras paso de &#8216;Raymond&#8217;: SICT"},"content":{"rendered":"<p class=\"nota-justify\">La Secretar\u00eda de Infraestructura, Comunicaciones y Transportes en Veracruz inform\u00f3 a la poblaci\u00f3n del municipio de \u00c1lamo y zonas aleda\u00f1as que el Puente L\u00f3pez Portillo permanecer\u00e1 cerrado hasta nuevo aviso.<\/p>\n<p class=\"nota-justify\">En un comunicado, expuso que la medida se tom\u00f3 debido a que el puente ubicado en la carretera federal Tihuatl\u00e1n-Alaz\u00e1n, tramo Tihuatl\u00e1n-Alaz\u00e1n km 34+400 presenta da\u00f1os estructurales ocasionados por las intensas lluvias generadas por el paso de la tormenta tropical Raymond.<\/p>\n<p class=\"nota-justify\">Las precipitaciones en la zona provocaron inundaciones, asentamientos y afectaciones al puente que se encuentra en la ruta 127, lo que representa un riesgo para la seguridad de las y los usuarios.<\/p>\n<p class=\"nota-justify\">Como ruta alterna se recomienda utilizar la autopista M\u00e9xico-Tuxpan, en direcci\u00f3n a Tuxpan y tomar el libramiento hacia la carretera libre Tuxpan\u2013Alaz\u00e1n para continuar hacia su destino.<\/p>\n<p class=\"nota-justify\">\u201cLa SICT Veracruz agradece la atenci\u00f3n de la ciudadan\u00eda y reitera que se trabaja de manera coordinada y prioritaria para restablecer el paso con la mayor prontitud posible garantizando nota en todo momento la seguridad de los usuarios\u201d, concluy\u00f3 la dependencia.<\/p>\n","protected":false},"excerpt":{"rendered":"<p>La Secretar\u00eda de Infraestructura, Comunicaciones y Transportes en Veracruz inform\u00f3 a la poblaci\u00f3n del municipio de \u00c1lamo y zonas aleda\u00f1as<\/p>\n","protected":false},"author":4,"featured_media":72802,"comment_status":"closed","ping_status":"closed","sticky":false,"template":"","format":"standard","meta":{"colormag_page_container_layout":"default_layout","colormag_page_sidebar_layout":"default_layout","_jetpack_memberships_contains_paid_content":false,"footnotes":"","jetpack_publicize_message":"","jetpack_publicize_feature_enabled":true,"jetpack_social_post_already_shared":true,"jetpack_social_options":{"image_generator_settings":{"template":"highway","default_image_id":0,"font":"","enabled":false},"version":2}},"categories":[30],"tags":[],"class_list":["post-72801","post","type-post","status-publish","format-standard","has-post-thumbnail","hentry","category-estados"],"jetpack_publicize_connections":[],"jetpack_featured_media_url":"https:\/\/i0.wp.com\/politicosaldesnudo.com.mx\/wp-content\/uploads\/2025\/10\/LOP.jpg?fit=774%2C560&ssl=1","jetpack-related-posts":[],"jetpack_sharing_enabled":true,"_links":{"self":[{"href":"https:\/\/politicosaldesnudo.com.mx\/index.php\/wp-json\/wp\/v2\/posts\/72801","targetHints":{"allow":["GET"]}}],"collection":[{"href":"https:\/\/politicosaldesnudo.com.mx\/index.php\/wp-json\/wp\/v2\/posts"}],"about":[{"href":"https:\/\/politicosaldesnudo.com.mx\/index.php\/wp-json\/wp\/v2\/types\/post"}],"author":[{"embeddable":true,"href":"https:\/\/politicosaldesnudo.com.mx\/index.php\/wp-json\/wp\/v2\/users\/4"}],"replies":[{"embeddable":true,"href":"https:\/\/politicosaldesnudo.com.mx\/index.php\/wp-json\/wp\/v2\/comments?post=72801"}],"version-history":[{"count":0,"href":"https:\/\/politicosaldesnudo.com.mx\/index.php\/wp-json\/wp\/v2\/posts\/72801\/revisions"}],"wp:featuredmedia":[{"embeddable":true,"href":"https:\/\/politicosaldesnudo.com.mx\/index.php\/wp-json\/wp\/v2\/media\/72802"}],"wp:attachment":[{"href":"https:\/\/politicosaldesnudo.com.mx\/index.php\/wp-json\/wp\/v2\/media?parent=72801"}],"wp:term":[{"taxonomy":"category","embeddable":true,"href":"https:\/\/politicosaldesnudo.com.mx\/index.php\/wp-json\/wp\/v2\/categories?post=72801"},{"taxonomy":"post_tag","embeddable":true,"href":"https:\/\/politicosaldesnudo.com.mx\/index.php\/wp-json\/wp\/v2\/tags?post=72801"}],"curies":[{"name":"wp","href":"https:\/\/api.w.org\/{rel}","templated":true}]}}