{"id":72804,"date":"2025-10-14T00:14:30","date_gmt":"2025-10-14T06:14:30","guid":{"rendered":"https:\/\/politicosaldesnudo.com.mx\/?p=72804"},"modified":"2025-10-13T21:50:44","modified_gmt":"2025-10-14T03:50:44","slug":"comunidad-del-centro-universitario-de-la-costa-en-puerto-vallarta-realiza-limpieza-reanudan-clases-vespertinas","status":"publish","type":"post","link":"https:\/\/politicosaldesnudo.com.mx\/index.php\/2025\/10\/14\/comunidad-del-centro-universitario-de-la-costa-en-puerto-vallarta-realiza-limpieza-reanudan-clases-vespertinas\/","title":{"rendered":"Comunidad del Centro Universitario de la Costa, en Puerto Vallarta realiza limpieza; reanudan clases vespertinas"},"content":{"rendered":"<p class=\"nota-justify\">El Centro Universitario de la Costa, de la Universidad de Guadalajara, inform\u00f3 de las afectaciones en el campus a causa de las fuertes lluvias registradas el s\u00e1bado en la noche y madrugada del domingo, por lo que se suspendieron las clases.<\/p>\n<p class=\"nota-justify\">En el estacionamiento principal, los m\u00f3dulos D, E y C (en plantas bajas), as\u00ed como en algunas aulas de los m\u00f3dulos A y B, la sala de maestros y el Centro Cultural \u201cMtro. Jos\u00e9 Trinidad L\u00f3pez Padilla\u201d se registraron encharcamiento.<\/p>\n<p class=\"nota-justify\">La instituci\u00f3n inform\u00f3 que result\u00f3 afectado el edificio de Morfolog\u00eda y Biolog\u00eda Molecular, Laboratorio de Calidad de Agua y Acuicultura Experimental, y un \u00e1rbol ca\u00eddo junto a la cancha 11, entre otras.<\/p>\n<p class=\"nota-justify\">A pesar de que el domingo cayeron de 159 mil\u00edmetros de precipitaci\u00f3n en esa zona, las afectaciones no fueron mayores \u00abgracias a los trabajos preventivos realizados previamente, como la colocaci\u00f3n de sacos de arena en los accesos, la limpieza de canales pluviales y el desazolve de los canales Tamarindos y El Zarco, el ingreso de agua y lodo a las instalaciones fue menor al de eventos anteriores.<\/p>\n<p class=\"nota-justify\">Desde el pasado domingo, se realizan los trabajos de limpieza en el acceso principal al Centro Universitario \u00a0y continuaron este lunes, con la participaci\u00f3n de estudiantes, profesores, personal administrativo, operativos y directivos, encabezados por la Mar\u00eda Esther Avelar \u00c1lvarez, rectora del Centro Universitario de la Costa, lo que permiti\u00f3 que se reanudaran clases en el turno vespertino.<\/p>\n","protected":false},"excerpt":{"rendered":"<p>El Centro Universitario de la Costa, de la Universidad de Guadalajara, inform\u00f3 de las afectaciones en el campus a causa<\/p>\n","protected":false},"author":4,"featured_media":72805,"comment_status":"closed","ping_status":"closed","sticky":false,"template":"","format":"standard","meta":{"colormag_page_container_layout":"default_layout","colormag_page_sidebar_layout":"default_layout","_jetpack_memberships_contains_paid_content":false,"footnotes":"","jetpack_publicize_message":"","jetpack_publicize_feature_enabled":true,"jetpack_social_post_already_shared":true,"jetpack_social_options":{"image_generator_settings":{"template":"highway","default_image_id":0,"font":"","enabled":false},"version":2}},"categories":[30],"tags":[],"class_list":["post-72804","post","type-post","status-publish","format-standard","has-post-thumbnail","hentry","category-estados"],"jetpack_publicize_connections":[],"jetpack_featured_media_url":"https:\/\/i0.wp.com\/politicosaldesnudo.com.mx\/wp-content\/uploads\/2025\/10\/PTOVA.jpg?fit=771%2C518&ssl=1","jetpack-related-posts":[],"jetpack_sharing_enabled":true,"_links":{"self":[{"href":"https:\/\/politicosaldesnudo.com.mx\/index.php\/wp-json\/wp\/v2\/posts\/72804","targetHints":{"allow":["GET"]}}],"collection":[{"href":"https:\/\/politicosaldesnudo.com.mx\/index.php\/wp-json\/wp\/v2\/posts"}],"about":[{"href":"https:\/\/politicosaldesnudo.com.mx\/index.php\/wp-json\/wp\/v2\/types\/post"}],"author":[{"embeddable":true,"href":"https:\/\/politicosaldesnudo.com.mx\/index.php\/wp-json\/wp\/v2\/users\/4"}],"replies":[{"embeddable":true,"href":"https:\/\/politicosaldesnudo.com.mx\/index.php\/wp-json\/wp\/v2\/comments?post=72804"}],"version-history":[{"count":0,"href":"https:\/\/politicosaldesnudo.com.mx\/index.php\/wp-json\/wp\/v2\/posts\/72804\/revisions"}],"wp:featuredmedia":[{"embeddable":true,"href":"https:\/\/politicosaldesnudo.com.mx\/index.php\/wp-json\/wp\/v2\/media\/72805"}],"wp:attachment":[{"href":"https:\/\/politicosaldesnudo.com.mx\/index.php\/wp-json\/wp\/v2\/media?parent=72804"}],"wp:term":[{"taxonomy":"category","embeddable":true,"href":"https:\/\/politicosaldesnudo.com.mx\/index.php\/wp-json\/wp\/v2\/categories?post=72804"},{"taxonomy":"post_tag","embeddable":true,"href":"https:\/\/politicosaldesnudo.com.mx\/index.php\/wp-json\/wp\/v2\/tags?post=72804"}],"curies":[{"name":"wp","href":"https:\/\/api.w.org\/{rel}","templated":true}]}}