{"id":72816,"date":"2025-10-14T00:18:09","date_gmt":"2025-10-14T06:18:09","guid":{"rendered":"https:\/\/politicosaldesnudo.com.mx\/?p=72816"},"modified":"2025-10-13T22:00:11","modified_gmt":"2025-10-14T04:00:11","slug":"turquia-presiono-para-impedir-la-presencia-de-netanyahu-en-cumbre-sobre-gaza","status":"publish","type":"post","link":"https:\/\/politicosaldesnudo.com.mx\/index.php\/2025\/10\/14\/turquia-presiono-para-impedir-la-presencia-de-netanyahu-en-cumbre-sobre-gaza\/","title":{"rendered":"Turqu\u00eda presion\u00f3 para impedir la presencia de Netanyahu en cumbre sobre Gaza"},"content":{"rendered":"<p class=\"nota-justify\">Turqu\u00eda, apoyada en particular por Irak, presion\u00f3 para impedir que el primer ministro israel\u00ed, Benjamin Netanyahu, asistiera a la cumbre sobre Gaza en Sharm el-Sheij, declar\u00f3 este lunes a la Afp una fuente diplom\u00e1tica turca.<\/p>\n<p class=\"nota-justify\">\u00abPor iniciativa del presidente (Recep Tayyip) Erdogan y gracias a los esfuerzos diplom\u00e1ticos de Turqu\u00eda, con el apoyo de otros dirigentes, Netanyahu no asistir\u00e1 a la reuni\u00f3n en Egipto\u00bb, declar\u00f3.<\/p>\n<p class=\"nota-justify\">Tras anunciar su asistencia a la cumbre por la ma\u00f1ana, el primer ministro israel\u00ed la cancel\u00f3 argumentando que la reuni\u00f3n comenzar\u00eda a la misma vez que una festividad jud\u00eda.<\/p>\n<p class=\"nota-justify\">Irak tambi\u00e9n se neg\u00f3 a participar en la cumbre sobre el futuro de Gaza en presencia del responsable israel\u00ed, afirm\u00f3 Ali al Musawi, asesor del primer ministro iraqu\u00ed.<\/p>\n<p class=\"nota-justify\">\u00abLa delegaci\u00f3n iraqu\u00ed inform\u00f3 a la parte egipcia de que no estaba dispuesta a participar en la cumbre regional si Netanyahu asist\u00eda a ella\u00bb, declar\u00f3 este responsable a la Afp.<\/p>\n<p class=\"nota-justify\">El avi\u00f3n del presidente turco se dispon\u00eda a aterrizar en la localidad balnearia egipcia cuando Netanyahu anunci\u00f3 su participaci\u00f3n, inicialmente no prevista.<\/p>\n<p class=\"nota-justify\">Pero seg\u00fan la prensa turca, la nave prolong\u00f3 su vuelo sobre el mar Rojo esperando la confirmaci\u00f3n de los participantes.<\/p>\n<p class=\"nota-justify\">Turqu\u00eda, cercana a los l\u00edderes pol\u00edticos de Hamas, particip\u00f3 en las negociaciones con el movimiento palestino en Doha, junto con Catar y Egipto, y busca desempe\u00f1ar un papel en la aplicaci\u00f3n y supervisi\u00f3n del alto el fuego en Gaza.<\/p>\n","protected":false},"excerpt":{"rendered":"<p>Turqu\u00eda, apoyada en particular por Irak, presion\u00f3 para impedir que el primer ministro israel\u00ed, Benjamin Netanyahu, asistiera a la cumbre<\/p>\n","protected":false},"author":4,"featured_media":72817,"comment_status":"closed","ping_status":"closed","sticky":false,"template":"","format":"standard","meta":{"colormag_page_container_layout":"default_layout","colormag_page_sidebar_layout":"default_layout","_jetpack_memberships_contains_paid_content":false,"footnotes":"","jetpack_publicize_message":"","jetpack_publicize_feature_enabled":true,"jetpack_social_post_already_shared":true,"jetpack_social_options":{"image_generator_settings":{"template":"highway","default_image_id":0,"font":"","enabled":false},"version":2}},"categories":[28],"tags":[],"class_list":["post-72816","post","type-post","status-publish","format-standard","has-post-thumbnail","hentry","category-internacional"],"jetpack_publicize_connections":[],"jetpack_featured_media_url":"https:\/\/i0.wp.com\/politicosaldesnudo.com.mx\/wp-content\/uploads\/2025\/10\/PERRA.jpg?fit=746%2C499&ssl=1","jetpack-related-posts":[],"jetpack_sharing_enabled":true,"_links":{"self":[{"href":"https:\/\/politicosaldesnudo.com.mx\/index.php\/wp-json\/wp\/v2\/posts\/72816","targetHints":{"allow":["GET"]}}],"collection":[{"href":"https:\/\/politicosaldesnudo.com.mx\/index.php\/wp-json\/wp\/v2\/posts"}],"about":[{"href":"https:\/\/politicosaldesnudo.com.mx\/index.php\/wp-json\/wp\/v2\/types\/post"}],"author":[{"embeddable":true,"href":"https:\/\/politicosaldesnudo.com.mx\/index.php\/wp-json\/wp\/v2\/users\/4"}],"replies":[{"embeddable":true,"href":"https:\/\/politicosaldesnudo.com.mx\/index.php\/wp-json\/wp\/v2\/comments?post=72816"}],"version-history":[{"count":0,"href":"https:\/\/politicosaldesnudo.com.mx\/index.php\/wp-json\/wp\/v2\/posts\/72816\/revisions"}],"wp:featuredmedia":[{"embeddable":true,"href":"https:\/\/politicosaldesnudo.com.mx\/index.php\/wp-json\/wp\/v2\/media\/72817"}],"wp:attachment":[{"href":"https:\/\/politicosaldesnudo.com.mx\/index.php\/wp-json\/wp\/v2\/media?parent=72816"}],"wp:term":[{"taxonomy":"category","embeddable":true,"href":"https:\/\/politicosaldesnudo.com.mx\/index.php\/wp-json\/wp\/v2\/categories?post=72816"},{"taxonomy":"post_tag","embeddable":true,"href":"https:\/\/politicosaldesnudo.com.mx\/index.php\/wp-json\/wp\/v2\/tags?post=72816"}],"curies":[{"name":"wp","href":"https:\/\/api.w.org\/{rel}","templated":true}]}}