{"id":72846,"date":"2025-10-15T00:08:16","date_gmt":"2025-10-15T06:08:16","guid":{"rendered":"https:\/\/politicosaldesnudo.com.mx\/?p=72846"},"modified":"2025-10-14T22:56:21","modified_gmt":"2025-10-15T04:56:21","slug":"valida-scjn-reforma-que-castiga-violencia-vicaria","status":"publish","type":"post","link":"https:\/\/politicosaldesnudo.com.mx\/index.php\/2025\/10\/15\/valida-scjn-reforma-que-castiga-violencia-vicaria\/","title":{"rendered":"Valida SCJN reforma que castiga violencia vicaria"},"content":{"rendered":"<p class=\"nota-justify\">La Suprema Corte de Justicia de la Naci\u00f3n (SCJN) valid\u00f3 este martes la reforma de enero del 2024 a leyes y normas que sancionan la violencia vicaria, pero a la par exhort\u00f3 al Congreso de la Uni\u00f3n a que corrija ambig\u00fcedades en su redacci\u00f3n, pues se\u00f1al\u00f3 que no hay claridad sobre cu\u00e1les son los elementos que configuran dicho delito.<\/p>\n<p class=\"nota-justify\">El caso lleg\u00f3 a la Corte porque la Comisi\u00f3n Nacional de los Derechos Humanos (CNDH) demand\u00f3 la invalidez de diversos art\u00edculos de la Ley General de Acceso a las Mujeres a una vida libre de Violencia, del C\u00f3digo Civil Federal y del C\u00f3digo Penal Penal, con el alegato de que la reforma viola el inter\u00e9s superior de ni\u00f1as, ni\u00f1os y adolescentes, al no reconocerlos como v\u00edctimas ni protegerlos de toda forma de violencia.<\/p>\n<p class=\"nota-justify\">Tambi\u00e9n, aleg\u00f3 la violaci\u00f3n a los principios de seguridad jur\u00eddica y legalidad, pues argument\u00f3 que la ley no era clara ni precisa al describir el delito de \u201cviolencia a trav\u00e9s de otra persona\u201d, es decir, la violencia vicaria para causar da\u00f1o a las mujeres usando a terceras personas, entre ellos a a sus hijos. Sin embargo, la Corte declar\u00f3 infundada la impugnaci\u00f3n de la CNDH.<\/p>\n<p class=\"nota-justify\">\u201cSi bien la finalidad de las disposiciones normativas controvertidas es garantizar la protecci\u00f3n de las mujeres frente a la violencia ejercida a trav\u00e9s de interp\u00f3sita persona, ello no significa dejar desprotegidas a ni\u00f1as, ni\u00f1os y adolescentes, pues el Estado Mexicano tiene la obligaci\u00f3n constitucional de salvaguardar el inter\u00e9s superior de la ni\u00f1ez en todas sus actuaciones, lo cual se ve reforzado tras numerosas legislaciones que establecen mecanismos espec\u00edficos para la protecci\u00f3n y promoci\u00f3n de sus derechos\u201d, expuso la ministra ponente, Lenia Batres Guadarrama.<\/p>\n<p class=\"nota-justify\">El asunto fue resuelto bajo tres votaciones distintas. En las dos primeras, por unanimidad se avalaron los cambios a la Ley General de Acceso de las Mujeres a una Vida Libre de Violencia y al C\u00f3digo Civil Federal.<\/p>\n<p class=\"nota-justify\">Sin embargo, hubo votos en contra de avalar los cambios al C\u00f3digo Penal Federal, que establece las penas contra la violencia vicaria, del ministro Giovanni Figueroa Mej\u00eda y de las ministras Yasm\u00edn Esquivel Mossa y Loretta Ortiz Ahlf. Esta \u00faltima argument\u00f3 que los art\u00edculos 343 Ter 2 y 343 Qu\u00e1ter, al mencionar la \u201cviolencia a trav\u00e9s de interp\u00f3sita persona\u201d, son imprecisos, no definen la conducta como delito aut\u00f3nomo y vulneran el principio de legalidad por falta de claridad.<\/p>\n<p class=\"nota-justify\">\u201cDe aprobar este precedente, estar\u00edamos corriendo (lo dijo a la inversa) un riesgo muy alto, muy alto. Porque la tipificaci\u00f3n correcta en el derecho penal es un principio fundamental de todo sistema jur\u00eddico, las intenciones pueden ser buen\u00edsimas, nadie lo niega, y as\u00ed nace el derecho, quieren cambiar las conductas sociales, pero si no se hace de manera adecuada, es un instrumento m\u00e1s de injusticia, que de justicia.\u201d, expres\u00f3 Ortiz Ahlf.<\/p>\n<p class=\"nota-justify\">Los ministros acordaron que en el engrose de la sentencia incluir\u00e1n un exhorto al Congreso de la Uni\u00f3n en el que le pidan hacer las correcciones que quiten la ambig\u00fcedad en dicha norma.<\/p>\n","protected":false},"excerpt":{"rendered":"<p>La Suprema Corte de Justicia de la Naci\u00f3n (SCJN) valid\u00f3 este martes la reforma de enero del 2024 a leyes<\/p>\n","protected":false},"author":4,"featured_media":72847,"comment_status":"closed","ping_status":"closed","sticky":false,"template":"","format":"standard","meta":{"colormag_page_container_layout":"default_layout","colormag_page_sidebar_layout":"default_layout","_jetpack_memberships_contains_paid_content":false,"footnotes":"","jetpack_publicize_message":"","jetpack_publicize_feature_enabled":true,"jetpack_social_post_already_shared":true,"jetpack_social_options":{"image_generator_settings":{"template":"highway","default_image_id":0,"font":"","enabled":false},"version":2}},"categories":[33],"tags":[],"class_list":["post-72846","post","type-post","status-publish","format-standard","has-post-thumbnail","hentry","category-nacional"],"jetpack_publicize_connections":[],"jetpack_featured_media_url":"https:\/\/i0.wp.com\/politicosaldesnudo.com.mx\/wp-content\/uploads\/2025\/10\/SINK.jpg?fit=767%2C501&ssl=1","jetpack-related-posts":[],"jetpack_sharing_enabled":true,"_links":{"self":[{"href":"https:\/\/politicosaldesnudo.com.mx\/index.php\/wp-json\/wp\/v2\/posts\/72846","targetHints":{"allow":["GET"]}}],"collection":[{"href":"https:\/\/politicosaldesnudo.com.mx\/index.php\/wp-json\/wp\/v2\/posts"}],"about":[{"href":"https:\/\/politicosaldesnudo.com.mx\/index.php\/wp-json\/wp\/v2\/types\/post"}],"author":[{"embeddable":true,"href":"https:\/\/politicosaldesnudo.com.mx\/index.php\/wp-json\/wp\/v2\/users\/4"}],"replies":[{"embeddable":true,"href":"https:\/\/politicosaldesnudo.com.mx\/index.php\/wp-json\/wp\/v2\/comments?post=72846"}],"version-history":[{"count":0,"href":"https:\/\/politicosaldesnudo.com.mx\/index.php\/wp-json\/wp\/v2\/posts\/72846\/revisions"}],"wp:featuredmedia":[{"embeddable":true,"href":"https:\/\/politicosaldesnudo.com.mx\/index.php\/wp-json\/wp\/v2\/media\/72847"}],"wp:attachment":[{"href":"https:\/\/politicosaldesnudo.com.mx\/index.php\/wp-json\/wp\/v2\/media?parent=72846"}],"wp:term":[{"taxonomy":"category","embeddable":true,"href":"https:\/\/politicosaldesnudo.com.mx\/index.php\/wp-json\/wp\/v2\/categories?post=72846"},{"taxonomy":"post_tag","embeddable":true,"href":"https:\/\/politicosaldesnudo.com.mx\/index.php\/wp-json\/wp\/v2\/tags?post=72846"}],"curies":[{"name":"wp","href":"https:\/\/api.w.org\/{rel}","templated":true}]}}