{"id":72867,"date":"2025-10-15T00:15:43","date_gmt":"2025-10-15T06:15:43","guid":{"rendered":"https:\/\/politicosaldesnudo.com.mx\/?p=72867"},"modified":"2025-10-14T23:10:57","modified_gmt":"2025-10-15T05:10:57","slug":"avanzan-labores-de-asistencia-humanitaria-a-damnificados-en-puerto-vallarta","status":"publish","type":"post","link":"https:\/\/politicosaldesnudo.com.mx\/index.php\/2025\/10\/15\/avanzan-labores-de-asistencia-humanitaria-a-damnificados-en-puerto-vallarta\/","title":{"rendered":"Avanzan labores de asistencia humanitaria a damnificados en Puerto Vallarta"},"content":{"rendered":"<p class=\"nota-justify\">Con m\u00e1s de mil 200 viviendas afectadas por el ingreso de agua, los trabajos de recuperaci\u00f3n y asistencia humanitaria avanzan en este puerto, donde m\u00e1s de 600 personas con 49 veh\u00edculos laboran con miras a normalizar la situaci\u00f3n de las personas que sufrieron da\u00f1os en sus domicilios. Los servicios b\u00e1sicos ya operan con normalidad.<\/p>\n<p class=\"nota-justify\">La Unidad Estatal de Protecci\u00f3n Civil y Bomberos de Jalisco (UEPCBJ), destac\u00f3 que la lluvia registrada el pasado domingo \u00abalcanz\u00f3 178.3 mil\u00edmetros\u00bb, por lo que la clasific\u00f3 como \u00abtormenta puntual severa\u00bb, causando escurrimientos e inundaciones en distintas zonas del municipio.<\/p>\n<p class=\"nota-justify\">En un recuento de las labores, Protecci\u00f3n Civil inform\u00f3 que \u00ablos trabajos presentan un avance del 70 por ciento, al igual que el proceso de evaluaci\u00f3n de da\u00f1os\u00bb.<\/p>\n<p class=\"nota-justify\">Finalmente, mencion\u00f3 que el municipio mantiene habilitados cinco centros de acopio para recibir donaciones de la sociedad civil en distintos puntos de la ciudad, entre ellos oficinas centrales del DIF Puerto Vallarta, el quiosco de Plaza de Armas, frente a la presidencia municipal, el edificio de la UMA (planta baja), el Hospital Regional y la UNIRSE Puerto Vallarta.<\/p>\n<p class=\"nota-justify\">Por otra parte, el municipio aprob\u00f3 la ma\u00f1ana de hoy martes una iniciativa del alcalde, Luis Ernesto Mungu\u00eda, para acceder a 2.5 millones de pesos del Fondo Estatal de Desastres Naturales (FOEDEN).<\/p>\n","protected":false},"excerpt":{"rendered":"<p>Con m\u00e1s de mil 200 viviendas afectadas por el ingreso de agua, los trabajos de recuperaci\u00f3n y asistencia humanitaria avanzan<\/p>\n","protected":false},"author":4,"featured_media":72868,"comment_status":"closed","ping_status":"closed","sticky":false,"template":"","format":"standard","meta":{"colormag_page_container_layout":"default_layout","colormag_page_sidebar_layout":"default_layout","_jetpack_memberships_contains_paid_content":false,"footnotes":"","jetpack_publicize_message":"","jetpack_publicize_feature_enabled":true,"jetpack_social_post_already_shared":true,"jetpack_social_options":{"image_generator_settings":{"template":"highway","default_image_id":0,"font":"","enabled":false},"version":2}},"categories":[30],"tags":[],"class_list":["post-72867","post","type-post","status-publish","format-standard","has-post-thumbnail","hentry","category-estados"],"jetpack_publicize_connections":[],"jetpack_featured_media_url":"https:\/\/i0.wp.com\/politicosaldesnudo.com.mx\/wp-content\/uploads\/2025\/10\/PTOVALL.jpg?fit=749%2C509&ssl=1","jetpack-related-posts":[],"jetpack_sharing_enabled":true,"_links":{"self":[{"href":"https:\/\/politicosaldesnudo.com.mx\/index.php\/wp-json\/wp\/v2\/posts\/72867","targetHints":{"allow":["GET"]}}],"collection":[{"href":"https:\/\/politicosaldesnudo.com.mx\/index.php\/wp-json\/wp\/v2\/posts"}],"about":[{"href":"https:\/\/politicosaldesnudo.com.mx\/index.php\/wp-json\/wp\/v2\/types\/post"}],"author":[{"embeddable":true,"href":"https:\/\/politicosaldesnudo.com.mx\/index.php\/wp-json\/wp\/v2\/users\/4"}],"replies":[{"embeddable":true,"href":"https:\/\/politicosaldesnudo.com.mx\/index.php\/wp-json\/wp\/v2\/comments?post=72867"}],"version-history":[{"count":0,"href":"https:\/\/politicosaldesnudo.com.mx\/index.php\/wp-json\/wp\/v2\/posts\/72867\/revisions"}],"wp:featuredmedia":[{"embeddable":true,"href":"https:\/\/politicosaldesnudo.com.mx\/index.php\/wp-json\/wp\/v2\/media\/72868"}],"wp:attachment":[{"href":"https:\/\/politicosaldesnudo.com.mx\/index.php\/wp-json\/wp\/v2\/media?parent=72867"}],"wp:term":[{"taxonomy":"category","embeddable":true,"href":"https:\/\/politicosaldesnudo.com.mx\/index.php\/wp-json\/wp\/v2\/categories?post=72867"},{"taxonomy":"post_tag","embeddable":true,"href":"https:\/\/politicosaldesnudo.com.mx\/index.php\/wp-json\/wp\/v2\/tags?post=72867"}],"curies":[{"name":"wp","href":"https:\/\/api.w.org\/{rel}","templated":true}]}}