{"id":72876,"date":"2025-10-15T00:18:15","date_gmt":"2025-10-15T06:18:15","guid":{"rendered":"https:\/\/politicosaldesnudo.com.mx\/?p=72876"},"modified":"2025-10-14T23:45:29","modified_gmt":"2025-10-15T05:45:29","slug":"meta-elimina-pagina-de-facebook-que-rastreaba-presencia-de-ice-en-chicago","status":"publish","type":"post","link":"https:\/\/politicosaldesnudo.com.mx\/index.php\/2025\/10\/15\/meta-elimina-pagina-de-facebook-que-rastreaba-presencia-de-ice-en-chicago\/","title":{"rendered":"Meta elimina p\u00e1gina de Facebook que rastreaba presencia de ICE en Chicago"},"content":{"rendered":"<p>Meta elimin\u00f3 una p\u00e1gina de Facebook utilizada para rastrear la presencia de agentes de inmigraci\u00f3n a petici\u00f3n del Departamento de Justicia, confirm\u00f3 la compa\u00f1\u00eda este martes.<\/p>\n<p class=\"nota-justify\">La secretaria de Justicia, Pam Bondi, afirm\u00f3 en la red social X que despu\u00e9s de que el Departamento de Justicia se puso en contacto, Facebook elimin\u00f3 la \u201dp\u00e1gina de un gran grupo\u00bb que estaba siendo utilizada para apuntar a agentes del Servicio de Inmigraci\u00f3n y Control de Aduanas de Estados Unidos (ICE por sus iniciales en ingl\u00e9s).<\/p>\n<p class=\"nota-justify\">Meta se\u00f1al\u00f3 en un comunicado que el grupo \u00abfue eliminado por violar nuestras pol\u00edticas contra el da\u00f1o coordinado\u00bb.<\/p>\n<p class=\"nota-justify\">Meta es la m\u00e1s reciente compa\u00f1\u00eda tecnol\u00f3gica en restringir el uso de herramientas para rastrear a agentes del ICE en su plataforma. A principios de este mes, Apple y Google bloquearon las descargas de aplicaciones telef\u00f3nicas que alertaban de avistamientos de agentes federales de inmigraci\u00f3n. La medida se produjo apenas horas despu\u00e9s de que el gobierno del presidente Donald Trump exigi\u00f3 que se retirara una app de iPhone particularmente popular.<\/p>\n<p class=\"nota-justify\">Bondi manifest\u00f3 que este tipo de rastreos ponen en riesgo a los agentes del ICE. Pero los usuarios y desarrolladores de las aplicaciones aseguran que la Primera Enmienda de la Constituci\u00f3n les otorga el derecho de capturar lo que el ICE est\u00e1 haciendo en sus vecindarios, y sostienen que la mayor\u00eda de los usuarios recurren a estas plataformas con el fin de proteger su propia seguridad mientras Trump intensifica sus agresivas restricciones migratorias en todo el pa\u00eds.<\/p>\n<p class=\"nota-justify\">Aunque aparentemente un grupo de Facebook para reportar avistamientos del ICE en Chicago fue eliminado, hasta la noche del martes segu\u00edan siendo visibles decenas de otros grupos, algunos de los cuales tienen miles de miembros.<\/p>\n","protected":false},"excerpt":{"rendered":"<p>Meta elimin\u00f3 una p\u00e1gina de Facebook utilizada para rastrear la presencia de agentes de inmigraci\u00f3n a petici\u00f3n del Departamento de<\/p>\n","protected":false},"author":4,"featured_media":72877,"comment_status":"closed","ping_status":"closed","sticky":false,"template":"","format":"standard","meta":{"colormag_page_container_layout":"default_layout","colormag_page_sidebar_layout":"default_layout","_jetpack_memberships_contains_paid_content":false,"footnotes":"","jetpack_publicize_message":"","jetpack_publicize_feature_enabled":true,"jetpack_social_post_already_shared":true,"jetpack_social_options":{"image_generator_settings":{"template":"highway","default_image_id":0,"font":"","enabled":false},"version":2}},"categories":[28],"tags":[],"class_list":["post-72876","post","type-post","status-publish","format-standard","has-post-thumbnail","hentry","category-internacional"],"jetpack_publicize_connections":[],"jetpack_featured_media_url":"https:\/\/i0.wp.com\/politicosaldesnudo.com.mx\/wp-content\/uploads\/2025\/10\/FUERA-FACE.jpg?fit=765%2C470&ssl=1","jetpack-related-posts":[],"jetpack_sharing_enabled":true,"_links":{"self":[{"href":"https:\/\/politicosaldesnudo.com.mx\/index.php\/wp-json\/wp\/v2\/posts\/72876","targetHints":{"allow":["GET"]}}],"collection":[{"href":"https:\/\/politicosaldesnudo.com.mx\/index.php\/wp-json\/wp\/v2\/posts"}],"about":[{"href":"https:\/\/politicosaldesnudo.com.mx\/index.php\/wp-json\/wp\/v2\/types\/post"}],"author":[{"embeddable":true,"href":"https:\/\/politicosaldesnudo.com.mx\/index.php\/wp-json\/wp\/v2\/users\/4"}],"replies":[{"embeddable":true,"href":"https:\/\/politicosaldesnudo.com.mx\/index.php\/wp-json\/wp\/v2\/comments?post=72876"}],"version-history":[{"count":0,"href":"https:\/\/politicosaldesnudo.com.mx\/index.php\/wp-json\/wp\/v2\/posts\/72876\/revisions"}],"wp:featuredmedia":[{"embeddable":true,"href":"https:\/\/politicosaldesnudo.com.mx\/index.php\/wp-json\/wp\/v2\/media\/72877"}],"wp:attachment":[{"href":"https:\/\/politicosaldesnudo.com.mx\/index.php\/wp-json\/wp\/v2\/media?parent=72876"}],"wp:term":[{"taxonomy":"category","embeddable":true,"href":"https:\/\/politicosaldesnudo.com.mx\/index.php\/wp-json\/wp\/v2\/categories?post=72876"},{"taxonomy":"post_tag","embeddable":true,"href":"https:\/\/politicosaldesnudo.com.mx\/index.php\/wp-json\/wp\/v2\/tags?post=72876"}],"curies":[{"name":"wp","href":"https:\/\/api.w.org\/{rel}","templated":true}]}}