{"id":72879,"date":"2025-10-15T00:19:02","date_gmt":"2025-10-15T06:19:02","guid":{"rendered":"https:\/\/politicosaldesnudo.com.mx\/?p=72879"},"modified":"2025-10-14T23:47:08","modified_gmt":"2025-10-15T05:47:08","slug":"presidente-de-peru-nombra-primer-ministro-a-abogado-que-criminaliza-protestas-civiles","status":"publish","type":"post","link":"https:\/\/politicosaldesnudo.com.mx\/index.php\/2025\/10\/15\/presidente-de-peru-nombra-primer-ministro-a-abogado-que-criminaliza-protestas-civiles\/","title":{"rendered":"Presidente de Per\u00fa nombra primer ministro a abogado que criminaliza protestas civiles"},"content":{"rendered":"<p>El presidente de Per\u00fa, Jos\u00e9 Jer\u00ed, nombr\u00f3 este martes a su primer ministro al abogado Ernesto \u00c1lvarez Miranda, ex magistrado del tribunal constitucional, que milita en el Partido Popular Cristiano (derecha) y que despert\u00f3 controversias al criminalizar las protestas que la ciudadan\u00eda realiz\u00f3 contra el gobierno y el congreso peruano.<\/p>\n<p class=\"nota-justify\">\u00abDe conformidad con el art\u00edculo 122 de la Constituci\u00f3n Pol\u00edtica del Per\u00fa, se resuelve nombrar presidente del Consejo de Ministros (primer ministro) al se\u00f1or Ernesto Julio \u00c1lvarez Miranda\u00bb, se indic\u00f3 durante la ceremonia de juramentaci\u00f3n del nuevo premier, llevada a cabo en el Palacio de Gobierno de Lima, en el marco de la conformaci\u00f3n del nuevo gabinete de gobierno\u200b\u200b\u200b.<\/p>\n<p class=\"nota-justify\">El flamante primer ministro despert\u00f3 protestas en sectores pol\u00edticos y ciudadanos, pues afirm\u00f3 que las manifestaciones contra el gobierno peruano de la llamada Generaci\u00f3n Z -colectivo de estudiantes universitarios autoconvocados- estaban ligadas a una organizaci\u00f3n terrorista.<\/p>\n<p class=\"nota-justify\">\u00abHeredera del Movimiento Revolucionario T\u00fapac Amaru (MRTA), la banda que quiere tomar por asalto a la democracia para controlar las elecciones de abril (de 2026) no representa la juventud que estudia y trabaja por un futuro\u00bb, afirm\u00f3 en septiembre el flamante primer ministro en su cuenta de X.<\/p>\n<p class=\"nota-justify\">El MRTA fue una organizaci\u00f3n terrorista de extrema izquierda que tuvo su auge en las d\u00e9cadas de 1980 y 1990, y que actualmente se encuentra desarticulada. \u00c1lvarez Miranda hizo esta publicaci\u00f3n en relaci\u00f3n a las protestas llevadas a cabo el 28 de septiembre por estudiantes universitarios contra el gobierno de la destituida presidenta peruana, Dina Boluarte (2022-2025).<\/p>\n","protected":false},"excerpt":{"rendered":"<p>El presidente de Per\u00fa, Jos\u00e9 Jer\u00ed, nombr\u00f3 este martes a su primer ministro al abogado Ernesto \u00c1lvarez Miranda, ex magistrado<\/p>\n","protected":false},"author":4,"featured_media":72880,"comment_status":"closed","ping_status":"closed","sticky":false,"template":"","format":"standard","meta":{"colormag_page_container_layout":"default_layout","colormag_page_sidebar_layout":"default_layout","_jetpack_memberships_contains_paid_content":false,"footnotes":"","jetpack_publicize_message":"","jetpack_publicize_feature_enabled":true,"jetpack_social_post_already_shared":true,"jetpack_social_options":{"image_generator_settings":{"template":"highway","default_image_id":0,"font":"","enabled":false},"version":2}},"categories":[28],"tags":[],"class_list":["post-72879","post","type-post","status-publish","format-standard","has-post-thumbnail","hentry","category-internacional"],"jetpack_publicize_connections":[],"jetpack_featured_media_url":"https:\/\/i0.wp.com\/politicosaldesnudo.com.mx\/wp-content\/uploads\/2025\/10\/OTRO.jpg?fit=751%2C506&ssl=1","jetpack-related-posts":[],"jetpack_sharing_enabled":true,"_links":{"self":[{"href":"https:\/\/politicosaldesnudo.com.mx\/index.php\/wp-json\/wp\/v2\/posts\/72879","targetHints":{"allow":["GET"]}}],"collection":[{"href":"https:\/\/politicosaldesnudo.com.mx\/index.php\/wp-json\/wp\/v2\/posts"}],"about":[{"href":"https:\/\/politicosaldesnudo.com.mx\/index.php\/wp-json\/wp\/v2\/types\/post"}],"author":[{"embeddable":true,"href":"https:\/\/politicosaldesnudo.com.mx\/index.php\/wp-json\/wp\/v2\/users\/4"}],"replies":[{"embeddable":true,"href":"https:\/\/politicosaldesnudo.com.mx\/index.php\/wp-json\/wp\/v2\/comments?post=72879"}],"version-history":[{"count":0,"href":"https:\/\/politicosaldesnudo.com.mx\/index.php\/wp-json\/wp\/v2\/posts\/72879\/revisions"}],"wp:featuredmedia":[{"embeddable":true,"href":"https:\/\/politicosaldesnudo.com.mx\/index.php\/wp-json\/wp\/v2\/media\/72880"}],"wp:attachment":[{"href":"https:\/\/politicosaldesnudo.com.mx\/index.php\/wp-json\/wp\/v2\/media?parent=72879"}],"wp:term":[{"taxonomy":"category","embeddable":true,"href":"https:\/\/politicosaldesnudo.com.mx\/index.php\/wp-json\/wp\/v2\/categories?post=72879"},{"taxonomy":"post_tag","embeddable":true,"href":"https:\/\/politicosaldesnudo.com.mx\/index.php\/wp-json\/wp\/v2\/tags?post=72879"}],"curies":[{"name":"wp","href":"https:\/\/api.w.org\/{rel}","templated":true}]}}