{"id":72888,"date":"2025-10-14T02:26:51","date_gmt":"2025-10-14T08:26:51","guid":{"rendered":"https:\/\/politicosaldesnudo.com.mx\/?p=72888"},"modified":"2025-10-15T02:28:22","modified_gmt":"2025-10-15T08:28:22","slug":"desbordado-por-su-negligencia","status":"publish","type":"post","link":"https:\/\/politicosaldesnudo.com.mx\/index.php\/2025\/10\/14\/desbordado-por-su-negligencia\/","title":{"rendered":"Desbordado por su negligencia"},"content":{"rendered":"<p>El agua que cay\u00f3 de manera torrencial la semana pasada no solo aneg\u00f3 calles, colonias y pueblos enteros del norte de Veracruz. Tambi\u00e9n inund\u00f3 \u2014hasta el cuello\u2014 al gobierno de Roc\u00edo Nahle.<\/p>\n<p>Bastaron unos d\u00edas de lluvias intensas para exhibir la realidad: una administraci\u00f3n improvisada, sin previsi\u00f3n, sin coordinaci\u00f3n y con un aparato estatal que, en el momento de mayor necesidad, simplemente no oper\u00f3.<\/p>\n<p>Los testimonios de los damnificados en Poza Rica, Ilamatl\u00e1n, \u00c1lamo y otros municipios lo confirman. Pasaron por lo menos tres d\u00edas completos sin ver a una sola autoridad estatal. Algunos siguen sin ver alguna. D\u00edas en los que la gente sobrevivi\u00f3 con lo que pudo, mientras los cauces se desbordaban y las viviendas quedaban bajo el agua. En tanto, el gobierno de Veracruz publicaba mensajes en redes sociales sobre \u201cacciones de auxilio\u201d de la gobernadora y sus funcionarios que nadie en la zona percib\u00eda.<\/p>\n<p>La realidad los alcanz\u00f3 cuando la presidenta Claudia Sheinbaum lleg\u00f3 al estado este domingo \u2013tambi\u00e9n, con un retraso de varios d\u00edas- y fue recibida con gritos y reclamos: \u201c\u00a1Ya son tres d\u00edas y no aparecen!\u201d. La escena, captada en video y difundida en todo el pa\u00eds, derrumb\u00f3 de golpe el esfuerzo de propaganda que desde palacio de gobierno pretend\u00eda construir una imagen de control y atenci\u00f3n. No hab\u00eda tal. Lo que hay es un gobierno desbordado, superado por su propia negligencia.<\/p>\n<p>Y es que no se trat\u00f3 de un fen\u00f3meno natural imprevisible. Las lluvias estaban anunciadas desde varios d\u00edas antes por los servicios meteorol\u00f3gicos nacionales y locales. Las alertas se emitieron oportunamente. Incluso, el gobierno estatal determin\u00f3 suspender clases en toda la entidad antes del pico de las lluvias. Pero creyeron que con eso bastaba, como si el agua fuera a evaporarse sola. No hubo evacuaciones preventivas, no se activaron planes de emergencia locales, no se garantiz\u00f3 infraestructura m\u00ednima ni se dispuso de refugios suficientes. La prevenci\u00f3n, palabra que en la administraci\u00f3n p\u00fablica puede ser sin\u00f3nimo de salvar vidas, fue sustituida por la arrogancia y la improvisaci\u00f3n.<\/p>\n<p>La respuesta oficial fue tard\u00eda, desorganizada y, sobre todo, insensible. Mientras la poblaci\u00f3n buscaba entre el lodo sus pertenencias y lloraba a sus muertos, Roc\u00edo Nahle y su equipo prefer\u00edan minimizar el fen\u00f3meno (el r\u00edo Cazones se desbord\u00f3 \u201cligeramente\u201d, declar\u00f3 el jueves), enviar comunicados triunfalistas y exaltar la figura de la mandataria \u2013v\u00eda sus muchos textoservidores en medios de comunicaci\u00f3n y redes- \u201catendiendo\u201d a una poblaci\u00f3n muy bien escogida y controlada, en calles que no mostraban la verdadera devastaci\u00f3n. Adem\u00e1s, como si fuese un acto de hero\u00edsmo y le hiciera un favor a los veracruzanos, cuando es su obligaci\u00f3n, pues para eso busc\u00f3 ser gobernadora.<\/p>\n<p>La desesperaci\u00f3n, frustraci\u00f3n y rabia de la poblaci\u00f3n de Poza Rica entonces no es de extra\u00f1ar. Es un leg\u00edtimo reclamo de quienes se sintieron abandonados por su propio gobierno, m\u00e1s preocupado por aparentar para la foto. Y eso que a esa ciudad petrolera s\u00ed se presentaron las autoridades. Porque otros municipios, como Ilamatl\u00e1n o El Higo, \u201cmenos importantes\u201d, fueron dejados al garete y si no es por las denuncias en video que lograron publicar y viralizar en redes, ni los hubiesen volteado a ver.<\/p>\n<p>Cuando el Estado no previene, llega tarde y la gente paga con la p\u00e9rdida de su patrimonio, con hambre y, lamentablemente, con vidas. Hasta el momento de escribir estas l\u00edneas, el saldo oficial es de 18 personas fallecidas. Pero hay denuncias de que en Poza Rica habr\u00eda muerto, o por lo menos desaparecido, hasta m\u00e1s de un centenar de estudiantes, la mayor\u00eda de la Universidad Veracruzana, lo que de confirmarse, volver\u00eda dantesca esta tragedia que ya enluta inevitablemente a Veracruz. \u201cEsta tragedia pudo evitarse\u201d, sentenciaron consejeros alumnos de la UV en esa zona.<\/p>\n<p>Las inundaciones del norte del estado \u2013solo comparables en magnitud a las de hace 26 a\u00f1os en esa misma regi\u00f3n- no solo son consecuencia del cambio clim\u00e1tico provocado por el ser humano, sino de un abandono institucional acumulado. A lo que hay que sumar que no hay con qu\u00e9 afrontar las p\u00e9rdidas ni apoyar adecuadamente a los damnificados, pues el gobierno de la dizque \u201ccuarta transformaci\u00f3n\u201d desapareci\u00f3 el sexenio pasado el Fondo de Desastres Naturales que permit\u00eda dar respuesta inmediata a la destrucci\u00f3n provocada por fen\u00f3menos meteorol\u00f3gicos, y se embols\u00f3 por completo esos recursos.<\/p>\n<p>Por si no fuera suficiente, al cierre de la redacci\u00f3n de esta columna, el r\u00edo P\u00e1nuco comenzaba a desbordarse tambi\u00e9n.<\/p>\n<p><img data-recalc-dims=\"1\" loading=\"lazy\" decoding=\"async\" class=\"aligncenter size-full wp-image-72672\" src=\"https:\/\/i0.wp.com\/politicosaldesnudo.com.mx\/wp-content\/uploads\/2025\/10\/FIRMA-EDITORIAL-PD-3.jpg?resize=800%2C98&#038;ssl=1\" alt=\"\" width=\"800\" height=\"98\" srcset=\"https:\/\/i0.wp.com\/politicosaldesnudo.com.mx\/wp-content\/uploads\/2025\/10\/FIRMA-EDITORIAL-PD-3.jpg?w=1024&amp;ssl=1 1024w, https:\/\/i0.wp.com\/politicosaldesnudo.com.mx\/wp-content\/uploads\/2025\/10\/FIRMA-EDITORIAL-PD-3.jpg?resize=300%2C37&amp;ssl=1 300w, https:\/\/i0.wp.com\/politicosaldesnudo.com.mx\/wp-content\/uploads\/2025\/10\/FIRMA-EDITORIAL-PD-3.jpg?resize=768%2C94&amp;ssl=1 768w\" sizes=\"auto, (max-width: 800px) 100vw, 800px\" \/><\/p>\n","protected":false},"excerpt":{"rendered":"<p>El agua que cay\u00f3 de manera torrencial la semana pasada no solo aneg\u00f3 calles, colonias y pueblos enteros del norte<\/p>\n","protected":false},"author":4,"featured_media":46001,"comment_status":"closed","ping_status":"closed","sticky":false,"template":"","format":"standard","meta":{"colormag_page_container_layout":"default_layout","colormag_page_sidebar_layout":"default_layout","_jetpack_memberships_contains_paid_content":false,"footnotes":"","jetpack_publicize_message":"","jetpack_publicize_feature_enabled":true,"jetpack_social_post_already_shared":true,"jetpack_social_options":{"image_generator_settings":{"template":"highway","default_image_id":0,"font":"","enabled":false},"version":2}},"categories":[26],"tags":[],"class_list":["post-72888","post","type-post","status-publish","format-standard","has-post-thumbnail","hentry","category-columnistas"],"jetpack_publicize_connections":[],"jetpack_featured_media_url":"https:\/\/i0.wp.com\/politicosaldesnudo.com.mx\/wp-content\/uploads\/2024\/09\/RUBICA-2.jpg?fit=800%2C445&ssl=1","jetpack-related-posts":[],"jetpack_sharing_enabled":true,"_links":{"self":[{"href":"https:\/\/politicosaldesnudo.com.mx\/index.php\/wp-json\/wp\/v2\/posts\/72888","targetHints":{"allow":["GET"]}}],"collection":[{"href":"https:\/\/politicosaldesnudo.com.mx\/index.php\/wp-json\/wp\/v2\/posts"}],"about":[{"href":"https:\/\/politicosaldesnudo.com.mx\/index.php\/wp-json\/wp\/v2\/types\/post"}],"author":[{"embeddable":true,"href":"https:\/\/politicosaldesnudo.com.mx\/index.php\/wp-json\/wp\/v2\/users\/4"}],"replies":[{"embeddable":true,"href":"https:\/\/politicosaldesnudo.com.mx\/index.php\/wp-json\/wp\/v2\/comments?post=72888"}],"version-history":[{"count":0,"href":"https:\/\/politicosaldesnudo.com.mx\/index.php\/wp-json\/wp\/v2\/posts\/72888\/revisions"}],"wp:featuredmedia":[{"embeddable":true,"href":"https:\/\/politicosaldesnudo.com.mx\/index.php\/wp-json\/wp\/v2\/media\/46001"}],"wp:attachment":[{"href":"https:\/\/politicosaldesnudo.com.mx\/index.php\/wp-json\/wp\/v2\/media?parent=72888"}],"wp:term":[{"taxonomy":"category","embeddable":true,"href":"https:\/\/politicosaldesnudo.com.mx\/index.php\/wp-json\/wp\/v2\/categories?post=72888"},{"taxonomy":"post_tag","embeddable":true,"href":"https:\/\/politicosaldesnudo.com.mx\/index.php\/wp-json\/wp\/v2\/tags?post=72888"}],"curies":[{"name":"wp","href":"https:\/\/api.w.org\/{rel}","templated":true}]}}