{"id":72938,"date":"2025-10-16T00:17:30","date_gmt":"2025-10-16T06:17:30","guid":{"rendered":"https:\/\/politicosaldesnudo.com.mx\/?p=72938"},"modified":"2025-10-16T00:17:30","modified_gmt":"2025-10-16T06:17:30","slug":"industria-automotriz-mexicana-cerrara-el-2025-acercandose-a-lo-que-logro-en-2016","status":"publish","type":"post","link":"https:\/\/politicosaldesnudo.com.mx\/index.php\/2025\/10\/16\/industria-automotriz-mexicana-cerrara-el-2025-acercandose-a-lo-que-logro-en-2016\/","title":{"rendered":"Industria automotriz mexicana cerrar\u00e1 el 2025 acerc\u00e1ndose a lo que logr\u00f3 en 2016"},"content":{"rendered":"<p class=\"nota-justify\">El magro crecimiento econ\u00f3mico en los \u00faltimos a\u00f1os en M\u00e9xico ha llevado a la industria automotriz nacional a una desaceleraci\u00f3n en el crecimiento de sus ventas, por lo que desde la \u00f3ptica de los distribuidores, se tendr\u00e1 una d\u00e9cada p\u00e9rdida, asegur\u00f3 Guillermo Rosales.<\/p>\n<p class=\"nota-justify\">El presidente ejecutivo de la Asociaci\u00f3n Mexicana de Distribuidores de Automotores (Amda) explic\u00f3 que la resiliencia del mercado automotor nacional se empieza a agotar, en un entorno de un crecimiento \u2018magro\u2019 en M\u00e9xico, el mercado automotor nacional muestra una tendencia de desaceleraci\u00f3n.<\/p>\n<p class=\"nota-justify\">En el marco del campanazo, con motivo de la celebraci\u00f3n de los primeros 45 a\u00f1os de Grupo Sicrea (Sistema de Cr\u00e9dito Automotriz) en el piso de remates de la Bolsa Mexicana de Valores (BMV), Rosales precis\u00f3 que en plena recuperaci\u00f3n, tras la pandemia, el avance fue de 22 por ciento anual en 2023; en el 2024, las ventas de veh\u00edculos nuevos aumentaron 10 por ciento anual y este a\u00f1o ser\u00e1 de un alrededor de un 4 por ciento anual, muy cerca o en la l\u00ednea de proximidad de las ventas que se alcanzaron en 2016, arriba de un mill\u00f3n 160 mil unidades comerciadas.<\/p>\n<p class=\"nota-justify\">\u201cEn un contexto, desde la \u00f3ptica de los distribuidores, tenemos una d\u00e9cada p\u00e9rdida\u201d, afirm\u00f3 el presidente de la Amda.<\/p>\n<p class=\"nota-justify\">El especialista coment\u00f3 que las ventas de la industria siguen mostrando alzas, debido a que hay marcas de reciente incorporaci\u00f3n, que han venido ganando participaci\u00f3n de mercado, pero que no est\u00e1n entregando informaci\u00f3n al Instituto Nacional de Estad\u00edstica y Geograf\u00eda (Inegi). Firmas como Tesla, BYD, Geely, JAC no aportan informaci\u00f3n a las estad\u00edsticas, de ah\u00ed que con datos del Inegi se tiene un descenso de 0.6 por ciento.<\/p>\n<p class=\"nota-justify\">Es por ello que el mercado total crecer\u00e1 un 4 por ciento este a\u00f1o, \u201cmuy cerca de la l\u00ednea de proximidad de las ventas que alcanzamos en 2016, arriba de un mill\u00f3n 600 mil unidades; pero desde la visi\u00f3n de los distribuidores tenemos una d\u00e9cada p\u00e9rdida; es decir, cerrar\u00e1 el 2025 acerc\u00e1ndonos a lo que logramos en 2016, con una infraestructura superior al de 25 por ciento que se ten\u00eda hace 10 a\u00f1os\u201d.<\/p>\n","protected":false},"excerpt":{"rendered":"<p>El magro crecimiento econ\u00f3mico en los \u00faltimos a\u00f1os en M\u00e9xico ha llevado a la industria automotriz nacional a una desaceleraci\u00f3n<\/p>\n","protected":false},"author":4,"featured_media":72939,"comment_status":"closed","ping_status":"closed","sticky":false,"template":"","format":"standard","meta":{"colormag_page_container_layout":"default_layout","colormag_page_sidebar_layout":"default_layout","_jetpack_memberships_contains_paid_content":false,"footnotes":"","jetpack_publicize_message":"","jetpack_publicize_feature_enabled":true,"jetpack_social_post_already_shared":true,"jetpack_social_options":{"image_generator_settings":{"template":"highway","default_image_id":0,"font":"","enabled":false},"version":2}},"categories":[2050],"tags":[],"class_list":["post-72938","post","type-post","status-publish","format-standard","has-post-thumbnail","hentry","category-economia"],"jetpack_publicize_connections":[],"jetpack_featured_media_url":"https:\/\/i0.wp.com\/politicosaldesnudo.com.mx\/wp-content\/uploads\/2025\/10\/ATIMO.jpg?fit=737%2C488&ssl=1","jetpack-related-posts":[],"jetpack_sharing_enabled":true,"_links":{"self":[{"href":"https:\/\/politicosaldesnudo.com.mx\/index.php\/wp-json\/wp\/v2\/posts\/72938","targetHints":{"allow":["GET"]}}],"collection":[{"href":"https:\/\/politicosaldesnudo.com.mx\/index.php\/wp-json\/wp\/v2\/posts"}],"about":[{"href":"https:\/\/politicosaldesnudo.com.mx\/index.php\/wp-json\/wp\/v2\/types\/post"}],"author":[{"embeddable":true,"href":"https:\/\/politicosaldesnudo.com.mx\/index.php\/wp-json\/wp\/v2\/users\/4"}],"replies":[{"embeddable":true,"href":"https:\/\/politicosaldesnudo.com.mx\/index.php\/wp-json\/wp\/v2\/comments?post=72938"}],"version-history":[{"count":0,"href":"https:\/\/politicosaldesnudo.com.mx\/index.php\/wp-json\/wp\/v2\/posts\/72938\/revisions"}],"wp:featuredmedia":[{"embeddable":true,"href":"https:\/\/politicosaldesnudo.com.mx\/index.php\/wp-json\/wp\/v2\/media\/72939"}],"wp:attachment":[{"href":"https:\/\/politicosaldesnudo.com.mx\/index.php\/wp-json\/wp\/v2\/media?parent=72938"}],"wp:term":[{"taxonomy":"category","embeddable":true,"href":"https:\/\/politicosaldesnudo.com.mx\/index.php\/wp-json\/wp\/v2\/categories?post=72938"},{"taxonomy":"post_tag","embeddable":true,"href":"https:\/\/politicosaldesnudo.com.mx\/index.php\/wp-json\/wp\/v2\/tags?post=72938"}],"curies":[{"name":"wp","href":"https:\/\/api.w.org\/{rel}","templated":true}]}}