{"id":72941,"date":"2025-10-16T00:19:48","date_gmt":"2025-10-16T06:19:48","guid":{"rendered":"https:\/\/politicosaldesnudo.com.mx\/?p=72941"},"modified":"2025-10-16T00:19:48","modified_gmt":"2025-10-16T06:19:48","slug":"por-danos-en-caminos-cierra-inah-tres-zonas-arqueologicas-de-queretaro","status":"publish","type":"post","link":"https:\/\/politicosaldesnudo.com.mx\/index.php\/2025\/10\/16\/por-danos-en-caminos-cierra-inah-tres-zonas-arqueologicas-de-queretaro\/","title":{"rendered":"Por da\u00f1os en caminos, cierra INAH tres zonas arqueol\u00f3gicas de Quer\u00e9taro"},"content":{"rendered":"<p class=\"nota-justify\">Por los da\u00f1os que presentan los caminos a consecuencia de las intensas lluvias de la semana pasada, la delegaci\u00f3n del Instituto Nacional de Antropolog\u00eda e Historia (INAH) en Quer\u00e9taro inform\u00f3 que permanecer\u00e1n cerradas las zonas arqueol\u00f3gicas Ranas, Toluquillas y Tancama, ubicadas en los municipios de San Joaqu\u00edn , Cadereyta de Montes y Jalpan de Serra en la Sierra Gorda.<\/p>\n<p class=\"nota-justify\">La delegada del INAH, Rosa Estela Reyes, inform\u00f3 que el cierre de esas tres zonas arqueol\u00f3gicas inici\u00f3 el pasado 10 de octubre, d\u00eda en que se suscit\u00f3 el embate de las tormentosas lluvias que provocaron deslaves que bloquearon los caminos de diversas localidades y los que conducen a ambos lugares hist\u00f3ricos.<\/p>\n<p class=\"nota-justify\">La funcionaria dijo que no hay ninguna fecha contemplada para reabrir el acceso a Ranas, Tancama y Toluquilla por lo que el cierre es indefinido.<\/p>\n<p class=\"nota-justify\">\u00abLas zonas arqueol\u00f3gicas est\u00e1n cerradas en este momento producto de las lluvias de estos \u00faltimos d\u00edas; hemos cerrado Ranas, Toluquilla, Tancama hasta nuevo aviso. La peor parte la recibieron los caminos\u00bb.<\/p>\n<p class=\"nota-justify\">Aclar\u00f3 que los vestigios arqueol\u00f3gicos que hay en esos tres lugares no han sufrido ning\u00fan da\u00f1o.<\/p>\n<p class=\"nota-justify\">\u00abNo tenemos graves da\u00f1os dentro de nuestras estructuras prehisp\u00e1nicas\u00bb, coment\u00f3.<\/p>\n<div id=\"article-content-tts\" class=\"nota-contenido mb-5\">\n<div id=\"content_nitf\">\n<p class=\"nota-justify\">De igual forma asegur\u00f3 que ning\u00fan empleado del INAH que labora en esos sitios arqueol\u00f3gicos result\u00f3 lesionado por los efectos de la tormenta que asol\u00f3 la regi\u00f3n de la Sierra Gorda Queretana.<\/p>\n<p class=\"nota-justify\">Finalmente, anunci\u00f3 que la zona arqueol\u00f3gica de El Cerrito, localizado en el municipio de Corregidora y el Museo Regional de Quer\u00e9taro ser\u00e1n centros de acopio de v\u00edveres para los damnificados por las lluvias.<\/p>\n<p class=\"nota-justify\">Sobre la zona arqueol\u00f3gica El Cerrito, el INAH dio a conocer, por otra parte, que recibi\u00f3 el Sello de Biodiversidad Quer\u00e9taro.<\/p>\n<p class=\"nota-justify\">Esta certificaci\u00f3n, promovida por la Universidad Polit\u00e9cnica de Santa Rosa J\u00e1uregui (UPSRJ), hizo un reconocimiento al sitio \u00abpor fomentar la conservaci\u00f3n y el disfrute sustentable del medio ambiente, convirti\u00e9ndolo en un importante espacio en medio del crecimiento urbano\u00bb.<\/p>\n<p class=\"nota-justify\">El Cerrito fue certificado por su gesti\u00f3n ambiental que integra la protecci\u00f3n arqueol\u00f3gica con la conservaci\u00f3n de la flora y fauna local.<\/p>\n<p class=\"nota-justify\">El plan de conservaci\u00f3n ambiental incluye la recuperaci\u00f3n y trasplante de especies end\u00e9micas (mezquites, cact\u00e1ceas, agaves, copal), el dise\u00f1o de senderos ecol\u00f3gicos, la instalaci\u00f3n de se\u00f1al\u00e9tica y programas de mantenimiento.<\/p>\n<p class=\"nota-justify\">Un diagn\u00f3stico de 2023 de la Universidad Aut\u00f3noma de Quer\u00e9taro confirm\u00f3 la existencia de 35 especies nativas de matorrales xer\u00f3filos y bosques tropicales caducifolios en las inmediaciones de la zona arqueol\u00f3gica.<\/p>\n<p class=\"nota-justify\">Tambi\u00e9n identific\u00f3 17 especies de aves residentes, reptiles y mam\u00edferos, entre ellos tlacuaches, zorras grises,y cacomixtles.<\/p>\n<\/div>\n<\/div>\n<div class=\"notas-relacionadas\"><\/div>\n<div class=\"nota-tags\"><\/div>\n","protected":false},"excerpt":{"rendered":"<p>Por los da\u00f1os que presentan los caminos a consecuencia de las intensas lluvias de la semana pasada, la delegaci\u00f3n del<\/p>\n","protected":false},"author":4,"featured_media":72942,"comment_status":"closed","ping_status":"closed","sticky":false,"template":"","format":"standard","meta":{"colormag_page_container_layout":"default_layout","colormag_page_sidebar_layout":"default_layout","_jetpack_memberships_contains_paid_content":false,"footnotes":"","jetpack_publicize_message":"","jetpack_publicize_feature_enabled":true,"jetpack_social_post_already_shared":true,"jetpack_social_options":{"image_generator_settings":{"template":"highway","default_image_id":0,"font":"","enabled":false},"version":2}},"categories":[30],"tags":[],"class_list":["post-72941","post","type-post","status-publish","format-standard","has-post-thumbnail","hentry","category-estados"],"jetpack_publicize_connections":[],"jetpack_featured_media_url":"https:\/\/i0.wp.com\/politicosaldesnudo.com.mx\/wp-content\/uploads\/2025\/10\/QUERT.jpg?fit=761%2C529&ssl=1","jetpack-related-posts":[],"jetpack_sharing_enabled":true,"_links":{"self":[{"href":"https:\/\/politicosaldesnudo.com.mx\/index.php\/wp-json\/wp\/v2\/posts\/72941","targetHints":{"allow":["GET"]}}],"collection":[{"href":"https:\/\/politicosaldesnudo.com.mx\/index.php\/wp-json\/wp\/v2\/posts"}],"about":[{"href":"https:\/\/politicosaldesnudo.com.mx\/index.php\/wp-json\/wp\/v2\/types\/post"}],"author":[{"embeddable":true,"href":"https:\/\/politicosaldesnudo.com.mx\/index.php\/wp-json\/wp\/v2\/users\/4"}],"replies":[{"embeddable":true,"href":"https:\/\/politicosaldesnudo.com.mx\/index.php\/wp-json\/wp\/v2\/comments?post=72941"}],"version-history":[{"count":0,"href":"https:\/\/politicosaldesnudo.com.mx\/index.php\/wp-json\/wp\/v2\/posts\/72941\/revisions"}],"wp:featuredmedia":[{"embeddable":true,"href":"https:\/\/politicosaldesnudo.com.mx\/index.php\/wp-json\/wp\/v2\/media\/72942"}],"wp:attachment":[{"href":"https:\/\/politicosaldesnudo.com.mx\/index.php\/wp-json\/wp\/v2\/media?parent=72941"}],"wp:term":[{"taxonomy":"category","embeddable":true,"href":"https:\/\/politicosaldesnudo.com.mx\/index.php\/wp-json\/wp\/v2\/categories?post=72941"},{"taxonomy":"post_tag","embeddable":true,"href":"https:\/\/politicosaldesnudo.com.mx\/index.php\/wp-json\/wp\/v2\/tags?post=72941"}],"curies":[{"name":"wp","href":"https:\/\/api.w.org\/{rel}","templated":true}]}}